{"id":9419,"date":"2011-10-21T07:04:05","date_gmt":"2011-10-21T05:04:05","guid":{"rendered":"http:\/\/gestern-nacht-im-taxi.de\/wordpress\/?p=9419"},"modified":"2011-10-21T02:16:44","modified_gmt":"2011-10-21T00:16:44","slug":"uniform-im-taxi","status":"publish","type":"post","link":"http:\/\/gestern-nacht-im-taxi.de\/wordpress\/2011\/10\/21\/uniform-im-taxi\/","title":{"rendered":"Uniform im Taxi?"},"content":{"rendered":"<p style=\"text-align: justify;\">Mich hat ein Satz in einem <a title=\"Kommentar\" href=\"http:\/\/gestern-nacht-im-taxi.de\/wordpress\/2011\/10\/12\/farbiges-geschwatz\/#comment-12352\" target=\"_blank\">Kommentar von Ralf<\/a> unter <a title=\"GNIT - Farbiges Geschw\u00e4tz\" href=\"http:\/\/gestern-nacht-im-taxi.de\/wordpress\/2011\/10\/12\/farbiges-geschwatz\/\" target=\"_blank\">diesem Artikel<\/a> nicht losgelassen:<\/p>\n<p style=\"text-align: justify; padding-left: 30px;\"><em>&#8222;PS: Im \u00fcbrigen finde ich Kettners Idee mit den Uniformen wirklich super. Mir fehlt da nur noch die Chauffeursm\u00fctze. Irgendwie st\u00f6rt mich dieses uneinheitliche und zum Teil ungepflegte Erscheinungsbild der Taxifahrer.&#8220;<\/em><\/p>\n<p style=\"text-align: justify;\">Meine pers\u00f6nliche Meinung zum Thema ist recht klar. Ich war immer ein entschiedener Gegner von Uniformen und sehe gerade im Taxigewerbe keinen erdenklichen Grund, sie einzuf\u00fchren. Es ist eine individuelle Dienstleistung, bei der zugegeben mit dem Fahrer die Qualit\u00e4t steigt und f\u00e4llt &#8211; das h\u00fcbsche Verpacken der Idioten in unserem Gewerbe sorgt meines Erachtens nach nicht f\u00fcr mehr Qualit\u00e4t, sondern lediglich daf\u00fcr, dass sich manch Lackaffe mehr Verf\u00fcgungsgewalt \u00fcber uns verspricht.<\/p>\n<p style=\"text-align: justify;\">Aber das ist meine Meinung. Die muss ja nicht jeder teilen. Deswegen w\u00fcrde ich gerne mal eure Meinung dazu h\u00f6ren. Davor m\u00f6chte ich allerdings sagen, dass ich nicht glaube, dass es das zum Nulltarif gibt. Autofahren beansprucht Kleidung nunmal, und wenn man als Fahrer nicht mal eben auf die g\u00fcnstige Jeans im Schrank zur\u00fcckgreifen kann, dann kostet das. Ob jetzt die Fahrer oder die Arbeitgeber&#8230; letzten Endes wird das irgendwann auf die Kunden umgelegt werden. Im Zweifel bei der n\u00e4chsten Tariferh\u00f6hung. Das m\u00f6chte ich zu bedenken geben. Deswegen:<\/p>\n<p style=\"text-align: justify;\"><div id=\"polls-5\" class=\"wp-polls\">\n\t\t<p style=\"text-align: center;\"><strong>W\u00e4re es einen Aufpreis wert, wenn die Taxifahrer Uniformen tragen w\u00fcrden?<\/strong><\/p><div id=\"polls-5-ans\" class=\"wp-polls-ans\"><ul class=\"wp-polls-ul\">\n\t\t<li>Naja, ordentlich aussehen muss sein, aber extra f\u00fcr Uniformen zahlen? Nee. <small>(40%, 240 Votes)<\/small><div class=\"pollbar\" style=\"width: 40%;\" title=\"Naja, ordentlich aussehen muss sein, aber extra f\u00fcr Uniformen zahlen? Nee. (40% | 240 Votes)\"><\/div><\/li>\n\t\t<li>Mir pers\u00f6nlich isses vollkommen egal, was ein Taxifahrer anhat, solange nichts raush\u00e4ngt. <small>(39%, 236 Votes)<\/small><div class=\"pollbar\" style=\"width: 39%;\" title=\"Mir pers\u00f6nlich isses vollkommen egal, was ein Taxifahrer anhat, solange nichts raush\u00e4ngt. (39% | 236 Votes)\"><\/div><\/li>\n\t\t<li>F\u00fcr'n Rabatt darf sogar was raush\u00e4ngen \ud83d\ude00 <small>(14%, 84 Votes)<\/small><div class=\"pollbar\" style=\"width: 14%;\" title=\"F\u00fcr'n Rabatt darf sogar was raush\u00e4ngen :D (14% | 84 Votes)\"><\/div><\/li>\n\t\t<li>Na sicher, schlie\u00dflich macht es was her und man f\u00fchlt sich ernster genommen. <small>(7%, 45 Votes)<\/small><div class=\"pollbar\" style=\"width: 7%;\" title=\"Na sicher, schlie\u00dflich macht es was her und man f\u00fchlt sich ernster genommen. (7% | 45 Votes)\"><\/div><\/li>\n\t\t<\/ul><p style=\"text-align: center;\">Total Voters: <strong>605<\/strong><\/p><\/div>\n\t\t<input type=\"hidden\" id=\"poll_5_nonce\" name=\"wp-polls-nonce\" value=\"821bcf7bbc\" \/>\n<\/div>\n<div id=\"polls-5-loading\" class=\"wp-polls-loading\"><img loading=\"lazy\" decoding=\"async\" src=\"http:\/\/gestern-nacht-im-taxi.de\/wordpress\/wp-content\/plugins\/wp-polls\/images\/loading.gif\" width=\"16\" height=\"16\" alt=\"Wird geladen ...\" title=\"Wird geladen ...\" class=\"wp-polls-image\" \/>&nbsp;Wird geladen ...<\/div>\n<\/p>\n<p>Im \u00dcbrigen plant mein Chef auch die Anschaffung von Kleidung mit Unternehmenslogo. Das ist allerdings eine ganz andere Gr\u00f6\u00dfenordnung als eine tats\u00e4chliche Uniform&#8230;<\/p>\n","protected":false},"excerpt":{"rendered":"<p>Mich hat ein Satz in einem Kommentar von Ralf unter diesem Artikel nicht losgelassen: &#8222;PS: Im \u00fcbrigen finde ich Kettners Idee mit den Uniformen wirklich super. Mir fehlt da nur noch die Chauffeursm\u00fctze. Irgendwie st\u00f6rt mich dieses uneinheitliche und zum Teil ungepflegte Erscheinungsbild der Taxifahrer.&#8220; Meine pers\u00f6nliche Meinung zum Thema ist recht klar. Ich war [&hellip;]<\/p>\n","protected":false},"author":1,"featured_media":0,"comment_status":"open","ping_status":"open","sticky":false,"template":"","format":"standard","meta":{"_jetpack_newsletter_access":"","_jetpack_dont_email_post_to_subs":false,"_jetpack_newsletter_tier_id":0,"_jetpack_memberships_contains_paywalled_content":false,"_jetpack_feature_clip_id":0,"_jetpack_memberships_contains_paid_content":false,"footnotes":"","jetpack_publicize_message":"","jetpack_publicize_feature_enabled":true,"jetpack_social_post_already_shared":false,"jetpack_social_options":{"image_generator_settings":{"template":"highway","default_image_id":0,"font":"","enabled":false},"version":2},"jetpack_post_was_ever_published":false},"categories":[2623,10,5,6],"tags":[2628,2666],"class_list":["post-9419","post","type-post","status-publish","format-standard","hentry","category-anderes","category-leben","category-job","category-arbeitsmittel","tag-blog","tag-uniformiert"],"jetpack_publicize_connections":[],"jetpack_sharing_enabled":true,"jetpack_shortlink":"https:\/\/wp.me\/p5LJq5-2rV","jetpack_likes_enabled":true,"jetpack_featured_media_url":"","_links":{"self":[{"href":"http:\/\/gestern-nacht-im-taxi.de\/wordpress\/wp-json\/wp\/v2\/posts\/9419","targetHints":{"allow":["GET"]}}],"collection":[{"href":"http:\/\/gestern-nacht-im-taxi.de\/wordpress\/wp-json\/wp\/v2\/posts"}],"about":[{"href":"http:\/\/gestern-nacht-im-taxi.de\/wordpress\/wp-json\/wp\/v2\/types\/post"}],"author":[{"embeddable":true,"href":"http:\/\/gestern-nacht-im-taxi.de\/wordpress\/wp-json\/wp\/v2\/users\/1"}],"replies":[{"embeddable":true,"href":"http:\/\/gestern-nacht-im-taxi.de\/wordpress\/wp-json\/wp\/v2\/comments?post=9419"}],"version-history":[{"count":7,"href":"http:\/\/gestern-nacht-im-taxi.de\/wordpress\/wp-json\/wp\/v2\/posts\/9419\/revisions"}],"predecessor-version":[{"id":9421,"href":"http:\/\/gestern-nacht-im-taxi.de\/wordpress\/wp-json\/wp\/v2\/posts\/9419\/revisions\/9421"}],"wp:attachment":[{"href":"http:\/\/gestern-nacht-im-taxi.de\/wordpress\/wp-json\/wp\/v2\/media?parent=9419"}],"wp:term":[{"taxonomy":"category","embeddable":true,"href":"http:\/\/gestern-nacht-im-taxi.de\/wordpress\/wp-json\/wp\/v2\/categories?post=9419"},{"taxonomy":"post_tag","embeddable":true,"href":"http:\/\/gestern-nacht-im-taxi.de\/wordpress\/wp-json\/wp\/v2\/tags?post=9419"}],"curies":[{"name":"wp","href":"https:\/\/api.w.org\/{rel}","templated":true}]}}