{"id":9113,"date":"2011-08-30T13:44:43","date_gmt":"2011-08-30T11:44:43","guid":{"rendered":"http:\/\/gestern-nacht-im-taxi.de\/wordpress\/?p=9113"},"modified":"2011-08-30T15:39:02","modified_gmt":"2011-08-30T13:39:02","slug":"paradoxale-mobilitat-2","status":"publish","type":"post","link":"http:\/\/gestern-nacht-im-taxi.de\/wordpress\/2011\/08\/30\/paradoxale-mobilitat-2\/","title":{"rendered":"Paradoxale Mobilit\u00e4t (2)"},"content":{"rendered":"<p style=\"text-align: justify;\">Lang ist&#8217;s her, genau genommen war es im Juni. Ihr erinnert euch: Da hatten wir so was \u00e4hnliches wie sch\u00f6nes Wetter in Berlin. Damals bin ich zwei Wochen lang <a title=\"GNIT - Paradoxale Mobilit\u00e4t\" href=\"http:\/\/gestern-nacht-im-taxi.de\/wordpress\/2011\/06\/11\/paradoxale-mobilitat\/\" target=\"_blank\">mit einem GPS-Ger\u00e4t durch die Hauptstadt gegurkt<\/a>, um bei einem sehr interessanten Buchprojekt ein bisschen zu helfen.<\/p>\n<p style=\"text-align: justify;\">Es ging und geht um den Berliner Atlas paradoxaler Mobilit\u00e4t, wer sich darunter nichts vorstellen kann, der kann <a title=\"Friedrich von Borries - Altlas paradoxaler Mobilit\u00e4t\" href=\"http:\/\/friedrichvonborries.de\/publizieren\/herausgeberschaft-1\/berliner-altas-paradoxaler-mobilitaet\" target=\"_blank\">hier auf der Seite des Projektb\u00fcros Friedrich von Borries<\/a> einen kleinen Einblick erhalten.<\/p>\n<p style=\"text-align: justify;\">Heute bekam ich dann die Mail von Albert Herrmann, einem der Rechercheure (der mich damals angequatscht hat) mit dem Hinweis, dass es das Buch nun seit kurzem k\u00e4uflich zu erwerben gibt, wie auch der Karte, die aus meinen Daten gewonnen wurde. Und mit Hinweis auf das Buch darf ich sie hier sogar zeigen. Die gesamte Karte ist ein wenig gro\u00df (und immer noch unvollst\u00e4ndig, da just in diese Zeit eine ziemlich lange Fahrt gefallen ist), sodass ich hier zwei Ausschnitte zeige.<\/p>\n<div class=\"mceTemp mceIEcenter\" style=\"text-align: justify;\">\n<dl id=\"attachment_9114\" class=\"wp-caption aligncenter\" style=\"width: 645px;\">\n<dt class=\"wp-caption-dt\"><a href=\"http:\/\/gestern-nacht-im-taxi.de\/wordpress\/2011\/08\/30\/paradoxale-mobilitat-2\/2011-karte150\/\" rel=\"attachment wp-att-9114\"><img loading=\"lazy\" decoding=\"async\" class=\"size-full wp-image-9114\" title=\"2011-karte150\" src=\"http:\/\/gestern-nacht-im-taxi.de\/wordpress\/wp-content\/uploads\/2011\/08\/2011-karte150.jpg\" alt=\"\" width=\"635\" height=\"464\" srcset=\"http:\/\/gestern-nacht-im-taxi.de\/wordpress\/wp-content\/uploads\/2011\/08\/2011-karte150.jpg 635w, http:\/\/gestern-nacht-im-taxi.de\/wordpress\/wp-content\/uploads\/2011\/08\/2011-karte150-300x219.jpg 300w\" sizes=\"auto, (max-width: 635px) 100vw, 635px\" \/><\/a><\/dt>\n<dd class=\"wp-caption-dd\">Sashs Irrfahrten durch den Osten, Quelle: Berliner Atlas paradoxaler Mobilit\u00e4t<\/dd>\n<\/dl>\n<\/div>\n<p style=\"text-align: justify;\">Ja, wie man sieht, hab ich auf Kundenfang durchaus so meine Stammstrecken \ud83d\ude42<\/p>\n<p style=\"text-align: justify;\">Aber das wisst ihr als Leser sowieso, da erz\u00e4hle ich nichts neues. Dass der Stadtplan so unvollst\u00e4ndig ist, hat mehrere Gr\u00fcnde. Zum einen: Ja, wir kommen tats\u00e4chlich nicht jeden Tag \u00fcberall vorbei. Wenn nichts besonderes passiert, haben wir hier in Berlin zwischen vielleicht 6 und 25 Touren pro Schicht.<br \/>\nAndererseits hatte ich in jenen zwei Wochen ziemlich viel frei und das ist vielleicht die Ausbeute von ca. 6 Schichten. Laut GPS waren es 930 km Fahrtstrecke. Dass ich in der Zeit so wenig in den Westen gekommen bin, erstaunt mich allerdings selbst. Aber ich gebe ja zu: Ich treibe mich tats\u00e4chlich am Liebsten in dieser Gegend herum:<\/p>\n<div class=\"mceTemp mceIEcenter\" style=\"text-align: justify;\">\n<dl id=\"attachment_9115\" class=\"wp-caption aligncenter\" style=\"width: 645px;\">\n<dt class=\"wp-caption-dt\"><a href=\"http:\/\/gestern-nacht-im-taxi.de\/wordpress\/2011\/08\/30\/paradoxale-mobilitat-2\/2011-karte400\/\" rel=\"attachment wp-att-9115\"><img loading=\"lazy\" decoding=\"async\" class=\"size-full wp-image-9115\" title=\"2011-karte400\" src=\"http:\/\/gestern-nacht-im-taxi.de\/wordpress\/wp-content\/uploads\/2011\/08\/2011-karte400.jpg\" alt=\"\" width=\"635\" height=\"507\" srcset=\"http:\/\/gestern-nacht-im-taxi.de\/wordpress\/wp-content\/uploads\/2011\/08\/2011-karte400.jpg 635w, http:\/\/gestern-nacht-im-taxi.de\/wordpress\/wp-content\/uploads\/2011\/08\/2011-karte400-300x239.jpg 300w\" sizes=\"auto, (max-width: 635px) 100vw, 635px\" \/><\/a><\/dt>\n<dd class=\"wp-caption-dd\">Etwas detaillierter, Quelle: Berliner Atlas paradoxaler Mobilit\u00e4t<\/dd>\n<\/dl>\n<\/div>\n<p style=\"text-align: justify;\">Berliner erkennen ihre Stadt hier sicher ziemlich schnell wieder. F\u00fcr alle noch etwas ratlosen Gesellen sei als Anhaltspunkt gegeben, dass der gro\u00dfe Viertelkreis, der hier so dick durchs Bild l\u00e4uft, die Danziger\/Petersburger\/Warschauer Stra\u00dfe ist. Alles weitere l\u00e4sst sich mit einem Stadtplan erschlie\u00dfen \ud83d\ude42<br \/>\n<img loading=\"lazy\" decoding=\"async\" src=\"http:\/\/vg01.met.vgwort.de\/na\/1b87cac1b8984bec8d9c3892c5e8ddc3\" alt=\"\" width=\"1\" height=\"1\" \/><\/p>\n<p style=\"text-align: justify;\">Also ich kann nach wie vor nur sagen, dass es eine geile Idee ist &#8211; und das Ergebnis finde ich zumindest bei dieser Karte echt sch\u00f6n. Einfach sch\u00f6n. Wer das \u00e4hnlich sieht wie ich, der kann sich ja \u00fcberlegen, ob er das Buch f\u00fcr bescheidene 20 Euro kaufen m\u00f6chte. Und falls ihr es \u00fcber Amazon bestellt, w\u00fcrde ich mich freuen, wenn ihr den Link hier unten verwendet. Dann bleibt n\u00e4mlich ein Euro davon bei mir h\u00e4ngen.<\/p>\n<p><a href=\"http:\/\/www.amazon.de\/gp\/product\/3883963046\/ref=as_li_qf_sp_asin_tl?ie=UTF8&amp;tag=gesternnachti-21&amp;linkCode=as2&amp;camp=1638&amp;creative=6742&amp;creativeASIN=3883963046\">Berliner Atlas paradoxaler Mobilit\u00e4t<\/a><img loading=\"lazy\" decoding=\"async\" style=\"border: none !important; margin: 0px !important;\" src=\"http:\/\/www.assoc-amazon.de\/e\/ir?t=gesternnachti-21&amp;l=as2&amp;o=3&amp;a=3883963046\" alt=\"\" width=\"1\" height=\"1\" border=\"0\" \/><\/p>\n<p>(So, auf Textlink ge\u00e4ndert &#8211; der wird hoffentlich \u00fcberall angezeigt!)<\/p>\n","protected":false},"excerpt":{"rendered":"<p>Lang ist&#8217;s her, genau genommen war es im Juni. Ihr erinnert euch: Da hatten wir so was \u00e4hnliches wie sch\u00f6nes Wetter in Berlin. Damals bin ich zwei Wochen lang mit einem GPS-Ger\u00e4t durch die Hauptstadt gegurkt, um bei einem sehr interessanten Buchprojekt ein bisschen zu helfen. Es ging und geht um den Berliner Atlas paradoxaler [&hellip;]<\/p>\n","protected":false},"author":1,"featured_media":0,"comment_status":"open","ping_status":"open","sticky":false,"template":"","format":"standard","meta":{"_jetpack_newsletter_access":"","_jetpack_dont_email_post_to_subs":false,"_jetpack_newsletter_tier_id":0,"_jetpack_memberships_contains_paywalled_content":false,"_jetpack_feature_clip_id":0,"_jetpack_memberships_contains_paid_content":false,"footnotes":"","jetpack_publicize_message":"","jetpack_publicize_feature_enabled":true,"jetpack_social_post_already_shared":false,"jetpack_social_options":{"image_generator_settings":{"template":"highway","default_image_id":0,"font":"","enabled":false},"version":2},"jetpack_post_was_ever_published":false},"categories":[2623],"tags":[2649,2628,2624],"class_list":["post-9113","post","type-post","status-publish","format-standard","hentry","category-anderes","tag-bebildert","tag-blog","tag-medien"],"jetpack_publicize_connections":[],"jetpack_sharing_enabled":true,"jetpack_shortlink":"https:\/\/wp.me\/p5LJq5-2mZ","jetpack_likes_enabled":true,"jetpack_featured_media_url":"","_links":{"self":[{"href":"http:\/\/gestern-nacht-im-taxi.de\/wordpress\/wp-json\/wp\/v2\/posts\/9113","targetHints":{"allow":["GET"]}}],"collection":[{"href":"http:\/\/gestern-nacht-im-taxi.de\/wordpress\/wp-json\/wp\/v2\/posts"}],"about":[{"href":"http:\/\/gestern-nacht-im-taxi.de\/wordpress\/wp-json\/wp\/v2\/types\/post"}],"author":[{"embeddable":true,"href":"http:\/\/gestern-nacht-im-taxi.de\/wordpress\/wp-json\/wp\/v2\/users\/1"}],"replies":[{"embeddable":true,"href":"http:\/\/gestern-nacht-im-taxi.de\/wordpress\/wp-json\/wp\/v2\/comments?post=9113"}],"version-history":[{"count":13,"href":"http:\/\/gestern-nacht-im-taxi.de\/wordpress\/wp-json\/wp\/v2\/posts\/9113\/revisions"}],"predecessor-version":[{"id":9128,"href":"http:\/\/gestern-nacht-im-taxi.de\/wordpress\/wp-json\/wp\/v2\/posts\/9113\/revisions\/9128"}],"wp:attachment":[{"href":"http:\/\/gestern-nacht-im-taxi.de\/wordpress\/wp-json\/wp\/v2\/media?parent=9113"}],"wp:term":[{"taxonomy":"category","embeddable":true,"href":"http:\/\/gestern-nacht-im-taxi.de\/wordpress\/wp-json\/wp\/v2\/categories?post=9113"},{"taxonomy":"post_tag","embeddable":true,"href":"http:\/\/gestern-nacht-im-taxi.de\/wordpress\/wp-json\/wp\/v2\/tags?post=9113"}],"curies":[{"name":"wp","href":"https:\/\/api.w.org\/{rel}","templated":true}]}}