{"id":8845,"date":"2011-07-28T01:45:53","date_gmt":"2011-07-27T23:45:53","guid":{"rendered":"http:\/\/gestern-nacht-im-taxi.de\/wordpress\/?p=8845"},"modified":"2011-07-28T16:23:29","modified_gmt":"2011-07-28T14:23:29","slug":"unter-der-haube-2","status":"publish","type":"post","link":"http:\/\/gestern-nacht-im-taxi.de\/wordpress\/2011\/07\/28\/unter-der-haube-2\/","title":{"rendered":"Unter der Haube (2)"},"content":{"rendered":"<p style=\"text-align: justify;\">Neues Design! Jubel Jubel Freu Freu!<\/p>\n<p style=\"text-align: justify;\">So, wie \u00fcblich nach dem Schrauben gibt es gute und schlechte Nachrichten. Die Gute ist zweifelsohne, dass keine Teile \u00fcbriggeblieben sind und das Design sich relativ problemos so hat gestalten lassen, wie uns das unser Testblog schon hat vermuten lassen \ud83d\ude09<\/p>\n<p style=\"text-align: justify;\">Aber nat\u00fcrlich ist noch nicht alles perfekt und einiges muss in den n\u00e4chsten Tagen (oder Wochen, wer weiss schon?) noch angepasst werden.<\/p>\n<p style=\"text-align: justify;\">Die Verlinkung zu den letzten (n\u00e4chsten) Texten auf den Artikelseiten fehlt noch. Ob ich an der neuen Textdarstellung (die Abs\u00e4tze sind wesentlich kleiner geworden) etwas \u00e4ndern werde, weiss ich noch nicht. Da muss ich mal sehen, ob mir das nicht sogar besser gef\u00e4llt so. Noch offen ist auch die endg\u00fcltige Gestaltung der Links im Men\u00fc. Ich finde es so eigentlich ganz nett, aber man erkennt sie halt nicht \ud83d\ude42<\/p>\n<p style=\"text-align: justify;\">Was noch kommen wird ist zum einen ein Werbebanner in der Seitenleiste und dort gibt es auch noch ein paar kleinere Details zu \u00e4ndern. Z.B. wird die Suche ja gerade &#8222;zentriert&#8220; angezeigt. Die Seitenleiste ist definitiv das gr\u00f6\u00dfte Sorgenkind derzeit.<\/p>\n<p style=\"text-align: justify;\">Was uns ebenso besch\u00e4ftigt, ist: Wir haben hier bei uns ein paar Javascript-Bugs. Ob die bei anderen auch auftreten, weiss ich nicht. So wird hier st\u00e4ndig ein nicht dorthingeh\u00f6riger Link unter der Facebook-Box angezeigt und im lustigsten Fall wurde statt der Like-Box der Flattr-Button in dieser Gr\u00f6\u00dfe angezeigt. Da m\u00fcssen wir schauen, ob und wie wir das in den Griff kriegen. Falls jemand irgendwelche Bugs findet oder sogar L\u00f6sungsvorschl\u00e4ge hat: Immer her damit! \ud83d\ude00<\/p>\n<p style=\"text-align: justify;\">(genau deswegen bleibt der Beitrag hier auch gerade oben angepinnt)<\/p>\n<p style=\"text-align: justify;\">Ansonsten hoffe ich, dass es allgemein Gefallen findet, wie die Seite jetzt aussieht. Ein wenig breiter, nicht mehr so vom Header dominiert und nach wie vor \u00fcbersichtlich. Ich denke, auch wenn es anders ist, kann man sich damit anfreunden. Ansonsten schreibe ich nat\u00fcrlich wie bisher auch weiter.<\/p>\n<p style=\"text-align: justify;\">Gr\u00fc\u00dfe aus dem Maschinenraum an euch alle!<\/p>\n<p><img loading=\"lazy\" decoding=\"async\" src=\"http:\/\/vg01.met.vgwort.de\/na\/83b8f96fc24b42e2b521212d2aac1dcf\" alt=\"\" width=\"1\" height=\"1\" \/><\/p>\n","protected":false},"excerpt":{"rendered":"<p>Neues Design! Jubel Jubel Freu Freu! So, wie \u00fcblich nach dem Schrauben gibt es gute und schlechte Nachrichten. Die Gute ist zweifelsohne, dass keine Teile \u00fcbriggeblieben sind und das Design sich relativ problemos so hat gestalten lassen, wie uns das unser Testblog schon hat vermuten lassen \ud83d\ude09 Aber nat\u00fcrlich ist noch nicht alles perfekt und [&hellip;]<\/p>\n","protected":false},"author":1,"featured_media":0,"comment_status":"open","ping_status":"open","sticky":false,"template":"","format":"standard","meta":{"_jetpack_newsletter_access":"","_jetpack_dont_email_post_to_subs":false,"_jetpack_newsletter_tier_id":0,"_jetpack_memberships_contains_paywalled_content":false,"_jetpack_feature_clip_id":0,"_jetpack_memberships_contains_paid_content":false,"footnotes":"","jetpack_publicize_message":"","jetpack_publicize_feature_enabled":true,"jetpack_social_post_already_shared":false,"jetpack_social_options":{"image_generator_settings":{"template":"highway","default_image_id":0,"font":"","enabled":false},"version":2},"jetpack_post_was_ever_published":false},"categories":[2623],"tags":[2628,2629],"class_list":["post-8845","post","type-post","status-publish","format-standard","hentry","category-anderes","tag-blog","tag-internet"],"jetpack_publicize_connections":[],"jetpack_sharing_enabled":true,"jetpack_shortlink":"https:\/\/wp.me\/p5LJq5-2iF","jetpack_likes_enabled":true,"jetpack_featured_media_url":"","_links":{"self":[{"href":"http:\/\/gestern-nacht-im-taxi.de\/wordpress\/wp-json\/wp\/v2\/posts\/8845","targetHints":{"allow":["GET"]}}],"collection":[{"href":"http:\/\/gestern-nacht-im-taxi.de\/wordpress\/wp-json\/wp\/v2\/posts"}],"about":[{"href":"http:\/\/gestern-nacht-im-taxi.de\/wordpress\/wp-json\/wp\/v2\/types\/post"}],"author":[{"embeddable":true,"href":"http:\/\/gestern-nacht-im-taxi.de\/wordpress\/wp-json\/wp\/v2\/users\/1"}],"replies":[{"embeddable":true,"href":"http:\/\/gestern-nacht-im-taxi.de\/wordpress\/wp-json\/wp\/v2\/comments?post=8845"}],"version-history":[{"count":4,"href":"http:\/\/gestern-nacht-im-taxi.de\/wordpress\/wp-json\/wp\/v2\/posts\/8845\/revisions"}],"predecessor-version":[{"id":8853,"href":"http:\/\/gestern-nacht-im-taxi.de\/wordpress\/wp-json\/wp\/v2\/posts\/8845\/revisions\/8853"}],"wp:attachment":[{"href":"http:\/\/gestern-nacht-im-taxi.de\/wordpress\/wp-json\/wp\/v2\/media?parent=8845"}],"wp:term":[{"taxonomy":"category","embeddable":true,"href":"http:\/\/gestern-nacht-im-taxi.de\/wordpress\/wp-json\/wp\/v2\/categories?post=8845"},{"taxonomy":"post_tag","embeddable":true,"href":"http:\/\/gestern-nacht-im-taxi.de\/wordpress\/wp-json\/wp\/v2\/tags?post=8845"}],"curies":[{"name":"wp","href":"https:\/\/api.w.org\/{rel}","templated":true}]}}