{"id":847,"date":"2008-02-04T15:28:18","date_gmt":"2008-02-04T13:28:18","guid":{"rendered":"http:\/\/www.sashs-blog.de\/wordpress\/?p=847"},"modified":"2008-02-04T15:28:18","modified_gmt":"2008-02-04T13:28:18","slug":"hm-ja-da-gibt-es-verschiedene-moglichkeiten","status":"publish","type":"post","link":"http:\/\/gestern-nacht-im-taxi.de\/wordpress\/2008\/02\/04\/hm-ja-da-gibt-es-verschiedene-moglichkeiten\/","title":{"rendered":"&quot;Hm, ja da gibt es verschiedene M\u00f6glichkeiten&#8230;&quot;"},"content":{"rendered":"<p style=\"text-align: justify;\">Ich habe nun einen Anruf beim Arbeitsamt (ich werde das wohl immer so nennen) hinter mir. Mein Ziel war es, zu erfahren, ob ich w\u00e4hrend meiner Ausbildung weiter Arbeitslosengeld (I) bekommen w\u00fcrde, da sie ja nicht l\u00e4nger als 15 Stunden die Woche dauert. Ich gebe zu, dass ich gerne auf Arbeit verzichten w\u00fcrde in der Zeit, weil ich weiss, dass mir das Lernen schwerfallen wird. Zudem: Wer stellt mich ein, wenn ich zwei Werktage pro Woche mittags weg bin? Aber immerhin h\u00e4tte ich einen Arbeitsvertrag in Aussicht, und das Amt m\u00fcsste eigentlich auch sonst nichts zahlen. Ich bin also mal guter Dinge. Irgendwann in den n\u00e4chsten 48 Stunden ruft dann angeblich meine Bearbeiterin an. Ich bin ja mal gespannt.<br \/>\nEinen Weg, an zus\u00e4tzliches Geld f\u00fcr die Ausbildungszeit zu kommen, habe ich noch nicht gefunden. So langsam nervt es mich, dass das nicht als &#8222;regul\u00e4re Ausbildung&#8220; z\u00e4hlt. Nur weil es ein bisschen k\u00fcrzer ist?<br \/>\nNaja, dann sind wir mal gespannt, was das Amt sagt. Drei M\u00f6glichkeiten gibt es:<br \/>\n1) Sie halten das sogar f\u00fcr eine f\u00f6rderungsw\u00fcrdige Geschichte und ich kriege sogar mehr Geld<br \/>\n2) Sie sehen das als regul\u00e4re Nebenbesch\u00e4ftigung, und alles l\u00e4uft wie gehabt<br \/>\n3) Ich verliere alle Anspr\u00fcche<br \/>\nEs w\u00e4re zwar h\u00f6chst unlogisch, wenn das dritte eintreten w\u00fcrde, denn dann m\u00fcsste ich auf die Ausbildung verzichten und dem Staat aller Voraussicht nach noch l\u00e4nger auf der Tasche liegen, aber man weiss ja nie&#8230;<\/p>\n<p>So denn, auf geht&#8217;s!<\/p>\n","protected":false},"excerpt":{"rendered":"<p>Ich habe nun einen Anruf beim Arbeitsamt (ich werde das wohl immer so nennen) hinter mir. Mein Ziel war es, zu erfahren, ob ich w\u00e4hrend meiner Ausbildung weiter Arbeitslosengeld (I) bekommen w\u00fcrde, da sie ja nicht l\u00e4nger als 15 Stunden die Woche dauert. Ich gebe zu, dass ich gerne auf Arbeit verzichten w\u00fcrde in der [&hellip;]<\/p>\n","protected":false},"author":1,"featured_media":0,"comment_status":"open","ping_status":"open","sticky":false,"template":"","format":"standard","meta":{"_jetpack_newsletter_access":"","_jetpack_dont_email_post_to_subs":false,"_jetpack_newsletter_tier_id":0,"_jetpack_memberships_contains_paywalled_content":false,"_jetpack_feature_clip_id":0,"_jetpack_memberships_contains_paid_content":false,"footnotes":"","jetpack_publicize_message":"","jetpack_publicize_feature_enabled":true,"jetpack_social_post_already_shared":false,"jetpack_social_options":{"image_generator_settings":{"template":"highway","default_image_id":0,"font":"","enabled":false},"version":2},"jetpack_post_was_ever_published":false},"categories":[9],"tags":[],"class_list":["post-847","post","type-post","status-publish","format-standard","hentry","category-ausbildung"],"jetpack_publicize_connections":[],"jetpack_sharing_enabled":true,"jetpack_shortlink":"https:\/\/wp.me\/p5LJq5-dF","jetpack_likes_enabled":true,"jetpack_featured_media_url":"","_links":{"self":[{"href":"http:\/\/gestern-nacht-im-taxi.de\/wordpress\/wp-json\/wp\/v2\/posts\/847","targetHints":{"allow":["GET"]}}],"collection":[{"href":"http:\/\/gestern-nacht-im-taxi.de\/wordpress\/wp-json\/wp\/v2\/posts"}],"about":[{"href":"http:\/\/gestern-nacht-im-taxi.de\/wordpress\/wp-json\/wp\/v2\/types\/post"}],"author":[{"embeddable":true,"href":"http:\/\/gestern-nacht-im-taxi.de\/wordpress\/wp-json\/wp\/v2\/users\/1"}],"replies":[{"embeddable":true,"href":"http:\/\/gestern-nacht-im-taxi.de\/wordpress\/wp-json\/wp\/v2\/comments?post=847"}],"version-history":[{"count":0,"href":"http:\/\/gestern-nacht-im-taxi.de\/wordpress\/wp-json\/wp\/v2\/posts\/847\/revisions"}],"wp:attachment":[{"href":"http:\/\/gestern-nacht-im-taxi.de\/wordpress\/wp-json\/wp\/v2\/media?parent=847"}],"wp:term":[{"taxonomy":"category","embeddable":true,"href":"http:\/\/gestern-nacht-im-taxi.de\/wordpress\/wp-json\/wp\/v2\/categories?post=847"},{"taxonomy":"post_tag","embeddable":true,"href":"http:\/\/gestern-nacht-im-taxi.de\/wordpress\/wp-json\/wp\/v2\/tags?post=847"}],"curies":[{"name":"wp","href":"https:\/\/api.w.org\/{rel}","templated":true}]}}