{"id":7894,"date":"2011-03-24T07:02:39","date_gmt":"2011-03-24T06:02:39","guid":{"rendered":"http:\/\/gestern-nacht-im-taxi.de\/wordpress\/?p=7894"},"modified":"2011-03-24T07:00:18","modified_gmt":"2011-03-24T06:00:18","slug":"fettnapfchen-taxi-floskeln","status":"publish","type":"post","link":"http:\/\/gestern-nacht-im-taxi.de\/wordpress\/2011\/03\/24\/fettnapfchen-taxi-floskeln\/","title":{"rendered":"Fettn\u00e4pfchen Taxi-Floskeln"},"content":{"rendered":"<p style=\"text-align: justify;\">So sehr mir an einer guten Unterhaltung im Taxi liegt: Der Einstieg in die Unterhaltung gelingt doch am Besten mit Standard-Phrasen. Es mag den ein oder anderen schockieren, das ausgerechnet von mir zu h\u00f6ren &#8211; aber wozu sollte ich mir jedes Mal was neues ausdenken? Klar, bei ganz besonderen Fahrzielen oder au\u00dfergew\u00f6hnlicher Kundschaft finden sich auch mal besondere Worte.<\/p>\n<p style=\"text-align: justify;\">Ansonsten&#8230; da viele Gespr\u00e4che nicht \u00fcber Smalltalk herausgehen, verlaufen sie auch oft \u00e4hnlich. Sehr gerne sage ich bei Fahrg\u00e4sten mit Gep\u00e4ck beim Ausstieg<\/p>\n<p style=\"padding-left: 30px; text-align: justify;\"><em>&#8222;So, jetzt befreien wir noch das Gep\u00e4ck. Das gibt immer so einen \u00c4rger, wenn ich das mitnehme&#8230;&#8220;<\/em><\/p>\n<p style=\"text-align: justify;\">Kleiner Witz zum Schlu\u00df, wirkt originell und lustig. Ich w\u00fcrde sch\u00e4tzen, ich hab den Satz jetzt bereits 500 mal gesagt. Sonderlich individuell ist das nicht, aber das merkt ja auch keiner.<br \/>\nAlso jetzt nat\u00fcrlich schon. Ich warte jetzt darauf, dass mich jemand ertappt \ud83d\ude42<\/p>\n<p style=\"text-align: justify;\">Und beim Einstieg? Unterschiedlich &#8211; aber bei Fahrten vom Ostbahnhof klappt als Einstieg eigentlich immer wieder<\/p>\n<p style=\"padding-left: 30px; text-align: justify;\"><em>&#8222;Na, dem Gep\u00e4ck nach war das aber auch (k)eine lange Reise!?&#8220;<\/em><\/p>\n<p style=\"text-align: justify;\">Das ist fantastisch. Das klappt sogar, wenn die Leute kein Gep\u00e4ck haben \ud83d\ude00<br \/>\nUnd schon hat man ein Thema zum Reden, die Reise. War sie privat, beruflich, sch\u00f6n, schei\u00dfe, wie war das Wetter und was ist in Berlin seit der Abfahrt alles passiert?<\/p>\n<p style=\"text-align: justify;\">Damit bin ich jetzt seit 2 Jahren echt gut gefahren (&lt;-Wortspiel!), und ich h\u00e4tte nicht gedacht, dass ich mit dem Spruch mal irgendwas falsch machen k\u00f6nnte. Ist ja auch herrlich unverf\u00e4nglich, unterstellt nichts b\u00f6ses&#8230;<\/p>\n<p style=\"text-align: justify;\">Hab ich gedacht.<\/p>\n<p style=\"text-align: justify;\">Und dann, neulich, pack ich den Spruch wieder aus der Mottenkiste und als Antwort kam nur so ein eher verstohlenes<\/p>\n<p style=\"padding-left: 30px; text-align: justify;\"><em>&#8222;Naja&#8230;&#8220;<\/em><\/p>\n<p style=\"text-align: justify;\">Und dann gleich die Erkl\u00e4rung dazu:<\/p>\n<p style=\"padding-left: 30px; text-align: justify;\"><em>&#8222;Wie man es nimmt. Wir waren bei der Beerdigung unseres Vaters&#8230;&#8220;<\/em><\/p>\n<p style=\"text-align: justify;\">Wenig Gep\u00e4ck und trotzdem die l\u00e4ngste aller denkbaren Reisen, irgendwie&#8230; ich blamier mich nicht oft in meinem Auto, aber da hab ich mich mal echt ganz aufrichtig entschuldigt.<\/p>\n<p style=\"text-align: justify;\">Sie haben es mir im \u00dcbrigen nicht \u00fcbel genommen.<\/p>\n<p><img loading=\"lazy\" decoding=\"async\" src=\"http:\/\/vg07.met.vgwort.de\/na\/5923ae2de83540f1b715f9e44b6ac8aa\" alt=\"\" width=\"1\" height=\"1\" \/><\/p>\n","protected":false},"excerpt":{"rendered":"<p>So sehr mir an einer guten Unterhaltung im Taxi liegt: Der Einstieg in die Unterhaltung gelingt doch am Besten mit Standard-Phrasen. Es mag den ein oder anderen schockieren, das ausgerechnet von mir zu h\u00f6ren &#8211; aber wozu sollte ich mir jedes Mal was neues ausdenken? Klar, bei ganz besonderen Fahrzielen oder au\u00dfergew\u00f6hnlicher Kundschaft finden sich [&hellip;]<\/p>\n","protected":false},"author":1,"featured_media":0,"comment_status":"open","ping_status":"open","sticky":false,"template":"","format":"standard","meta":{"_jetpack_newsletter_access":"","_jetpack_dont_email_post_to_subs":false,"_jetpack_newsletter_tier_id":0,"_jetpack_memberships_contains_paywalled_content":false,"_jetpack_feature_clip_id":0,"_jetpack_memberships_contains_paid_content":false,"footnotes":"","jetpack_publicize_message":"","jetpack_publicize_feature_enabled":true,"jetpack_social_post_already_shared":false,"jetpack_social_options":{"image_generator_settings":{"template":"highway","default_image_id":0,"font":"","enabled":false},"version":2},"jetpack_post_was_ever_published":false},"categories":[4],"tags":[3361,4891,2647],"class_list":["post-7894","post","type-post","status-publish","format-standard","hentry","category-fahrgast","tag-gepack","tag-gesprachig","tag-pech"],"jetpack_publicize_connections":[],"jetpack_sharing_enabled":true,"jetpack_shortlink":"https:\/\/wp.me\/p5LJq5-23k","jetpack_likes_enabled":true,"jetpack_featured_media_url":"","_links":{"self":[{"href":"http:\/\/gestern-nacht-im-taxi.de\/wordpress\/wp-json\/wp\/v2\/posts\/7894","targetHints":{"allow":["GET"]}}],"collection":[{"href":"http:\/\/gestern-nacht-im-taxi.de\/wordpress\/wp-json\/wp\/v2\/posts"}],"about":[{"href":"http:\/\/gestern-nacht-im-taxi.de\/wordpress\/wp-json\/wp\/v2\/types\/post"}],"author":[{"embeddable":true,"href":"http:\/\/gestern-nacht-im-taxi.de\/wordpress\/wp-json\/wp\/v2\/users\/1"}],"replies":[{"embeddable":true,"href":"http:\/\/gestern-nacht-im-taxi.de\/wordpress\/wp-json\/wp\/v2\/comments?post=7894"}],"version-history":[{"count":5,"href":"http:\/\/gestern-nacht-im-taxi.de\/wordpress\/wp-json\/wp\/v2\/posts\/7894\/revisions"}],"predecessor-version":[{"id":7968,"href":"http:\/\/gestern-nacht-im-taxi.de\/wordpress\/wp-json\/wp\/v2\/posts\/7894\/revisions\/7968"}],"wp:attachment":[{"href":"http:\/\/gestern-nacht-im-taxi.de\/wordpress\/wp-json\/wp\/v2\/media?parent=7894"}],"wp:term":[{"taxonomy":"category","embeddable":true,"href":"http:\/\/gestern-nacht-im-taxi.de\/wordpress\/wp-json\/wp\/v2\/categories?post=7894"},{"taxonomy":"post_tag","embeddable":true,"href":"http:\/\/gestern-nacht-im-taxi.de\/wordpress\/wp-json\/wp\/v2\/tags?post=7894"}],"curies":[{"name":"wp","href":"https:\/\/api.w.org\/{rel}","templated":true}]}}