{"id":7122,"date":"2010-10-25T18:06:49","date_gmt":"2010-10-25T16:06:49","guid":{"rendered":"http:\/\/gestern-nacht-im-taxi.de\/wordpress\/?p=7122"},"modified":"2010-10-25T18:06:49","modified_gmt":"2010-10-25T16:06:49","slug":"ja-er-lebt-noch","status":"publish","type":"post","link":"http:\/\/gestern-nacht-im-taxi.de\/wordpress\/2010\/10\/25\/ja-er-lebt-noch\/","title":{"rendered":"Ja, er lebt noch!"},"content":{"rendered":"<p style=\"text-align: justify;\">So, die mehr oder minder als Entwarnung einzustufende Meldung ereilte mich vor wenigen Minuten: Das Auto lebt noch, bzw. wieder! Den heutigen Tag hat es in der Werkstatt verbringen d\u00fcrfen, und anscheinend sind jetzt die D\u00fcsen gereinigt, ersetzt, was auch immer &#8211; und ich kann heute noch auf Piste.<\/p>\n<p style=\"text-align: justify;\">Prima!<\/p>\n<p style=\"text-align: justify;\">Nicht, dass ich nicht eigentlich Montags nicht mehr arbeiten wollte und insgesamt nicht gerade die beste Schicht erwartet werden kann&#8230; aber besser jetzt als nie. Meiner nicht zu untersch\u00e4tzenden Faulheit fr\u00f6hne ich dann morgen wieder, indem ich ganz geplant frei mache.<\/p>\n<p style=\"text-align: justify;\">Jetzt werde ich also mein Kistchen frisch vom Opeldealer abholen, was zwar r\u00e4umlich n\u00e4her bei mir ist als der \u00fcbliche Abstellplatz, mich aber wahrscheinlich mehr Zeit kosten wird, um hinzugelangen. Es sei denn, ich krall mir unterwegs ein Taxi f\u00fcr &#8217;ne Kurzstrecke \ud83d\ude09<\/p>\n","protected":false},"excerpt":{"rendered":"<p>So, die mehr oder minder als Entwarnung einzustufende Meldung ereilte mich vor wenigen Minuten: Das Auto lebt noch, bzw. wieder! Den heutigen Tag hat es in der Werkstatt verbringen d\u00fcrfen, und anscheinend sind jetzt die D\u00fcsen gereinigt, ersetzt, was auch immer &#8211; und ich kann heute noch auf Piste. Prima! Nicht, dass ich nicht eigentlich [&hellip;]<\/p>\n","protected":false},"author":1,"featured_media":0,"comment_status":"open","ping_status":"open","sticky":false,"template":"","format":"standard","meta":{"_jetpack_newsletter_access":"","_jetpack_dont_email_post_to_subs":false,"_jetpack_newsletter_tier_id":0,"_jetpack_memberships_contains_paywalled_content":false,"_jetpack_feature_clip_id":0,"_jetpack_memberships_contains_paid_content":false,"footnotes":"","jetpack_publicize_message":"","jetpack_publicize_feature_enabled":true,"jetpack_social_post_already_shared":false,"jetpack_social_options":{"image_generator_settings":{"template":"highway","default_image_id":0,"font":"","enabled":false},"version":2},"jetpack_post_was_ever_published":false},"categories":[15,5,6],"tags":[2650,2626],"class_list":["post-7122","post","type-post","status-publish","format-standard","hentry","category-auto","category-job","category-arbeitsmittel","tag-2650","tag-defekt"],"jetpack_publicize_connections":[],"jetpack_sharing_enabled":true,"jetpack_shortlink":"https:\/\/wp.me\/p5LJq5-1QS","jetpack_likes_enabled":true,"jetpack_featured_media_url":"","_links":{"self":[{"href":"http:\/\/gestern-nacht-im-taxi.de\/wordpress\/wp-json\/wp\/v2\/posts\/7122","targetHints":{"allow":["GET"]}}],"collection":[{"href":"http:\/\/gestern-nacht-im-taxi.de\/wordpress\/wp-json\/wp\/v2\/posts"}],"about":[{"href":"http:\/\/gestern-nacht-im-taxi.de\/wordpress\/wp-json\/wp\/v2\/types\/post"}],"author":[{"embeddable":true,"href":"http:\/\/gestern-nacht-im-taxi.de\/wordpress\/wp-json\/wp\/v2\/users\/1"}],"replies":[{"embeddable":true,"href":"http:\/\/gestern-nacht-im-taxi.de\/wordpress\/wp-json\/wp\/v2\/comments?post=7122"}],"version-history":[{"count":2,"href":"http:\/\/gestern-nacht-im-taxi.de\/wordpress\/wp-json\/wp\/v2\/posts\/7122\/revisions"}],"predecessor-version":[{"id":7124,"href":"http:\/\/gestern-nacht-im-taxi.de\/wordpress\/wp-json\/wp\/v2\/posts\/7122\/revisions\/7124"}],"wp:attachment":[{"href":"http:\/\/gestern-nacht-im-taxi.de\/wordpress\/wp-json\/wp\/v2\/media?parent=7122"}],"wp:term":[{"taxonomy":"category","embeddable":true,"href":"http:\/\/gestern-nacht-im-taxi.de\/wordpress\/wp-json\/wp\/v2\/categories?post=7122"},{"taxonomy":"post_tag","embeddable":true,"href":"http:\/\/gestern-nacht-im-taxi.de\/wordpress\/wp-json\/wp\/v2\/tags?post=7122"}],"curies":[{"name":"wp","href":"https:\/\/api.w.org\/{rel}","templated":true}]}}