{"id":6181,"date":"2010-06-27T06:24:43","date_gmt":"2010-06-27T04:24:43","guid":{"rendered":"http:\/\/www.sashs-blog.de\/wordpress\/?p=6181"},"modified":"2010-08-20T11:23:43","modified_gmt":"2010-08-20T09:23:43","slug":"wo-man-so-druber-lacht","status":"publish","type":"post","link":"http:\/\/gestern-nacht-im-taxi.de\/wordpress\/2010\/06\/27\/wo-man-so-druber-lacht\/","title":{"rendered":"Wo man so dr\u00fcber lacht\u2026"},"content":{"rendered":"<p style=\"text-align: justify;\">Also mein Taxi ist ja unter Vollast eine recht lahme Kiste. Ich meine, mit 7 Personen liegt das Ding gelassen auf der Strasse und sogar das ein oder andere Klapperger\u00e4usch verschwindet dann. Auf Dauer ist es aber nicht nur eng f\u00fcr die Leute in der letzten Reihe, sondern wahrscheinlich auch ein wenig viel Belastung f\u00fcr die kleine Kiste.<\/p>\n<p style=\"text-align: justify;\">Jetzt d\u00fcrfte ich den Rekord f\u00fcr die Maximalbeladung gebrochen haben, vielleicht sogar die erlaubte H\u00f6chstlast. Ich konnte leider nicht so schnell nachrechnen. Am Ostbahnhof haben mich 6 ziemlich muskul\u00f6se schwarze Jungs gefragt, ob sie da alle reinpassen. Wer weiss, vielleicht eine Football-Mannschaft oder so. Das Auto war jedenfalls VOLL. In den hinteren Sitzreihen war zwischen den Seitenscheiben kein freier Zentimeter mehr und auch zwischen mir und dem sechsten Mitreisenden war nicht mehr viel Platz, ich bin ja bekannterma\u00dfen auch nicht gerade zierlich. Waren wahrscheinlich wirklich 800 kg Mensch im Wagen.<\/p>\n<p style=\"text-align: justify;\">Warum ich aber \u00fcberhaupt die Hautfarbe der Jungs erw\u00e4hnt habe:<\/p>\n<p style=\"text-align: justify;\">Zun\u00e4chst muss es schon mal recht kurios ausgesehen haben, wie ich als einziger Wei\u00dfer vorne am Steuer sa\u00df, aber eigentlich ging es mir um ein Handy. Irgendwann meldete sich n\u00e4mlich von hinten eines und es rief laut und deutlich aus:<\/p>\n<p style=\"text-align: justify; padding-left: 30px;\"><em>&#8222;Message from the dark Side!&#8220;<\/em><\/p>\n<p style=\"text-align: justify;\">Und ich hab &#8211; ganz Routine &#8211; in den R\u00fcckspiegel gesehen, und da, naja, war eben &#8222;dark side&#8220;. Habe ich irgendwie schmunzeln m\u00fcssen. Die anderen haben auch angefangen zu lachen, aber ich weiss nicht genau, weswegen, ihr Englisch war dabei ein wenig zu schnell f\u00fcr mich&#8230;<\/p>\n","protected":false},"excerpt":{"rendered":"<p>Also mein Taxi ist ja unter Vollast eine recht lahme Kiste. Ich meine, mit 7 Personen liegt das Ding gelassen auf der Strasse und sogar das ein oder andere Klapperger\u00e4usch verschwindet dann. Auf Dauer ist es aber nicht nur eng f\u00fcr die Leute in der letzten Reihe, sondern wahrscheinlich auch ein wenig viel Belastung f\u00fcr [&hellip;]<\/p>\n","protected":false},"author":1,"featured_media":0,"comment_status":"open","ping_status":"open","sticky":false,"template":"","format":"standard","meta":{"_jetpack_newsletter_access":"","_jetpack_dont_email_post_to_subs":false,"_jetpack_newsletter_tier_id":0,"_jetpack_memberships_contains_paywalled_content":false,"_jetpack_feature_clip_id":0,"_jetpack_memberships_contains_paid_content":false,"footnotes":"","jetpack_publicize_message":"","jetpack_publicize_feature_enabled":true,"jetpack_social_post_already_shared":false,"jetpack_social_options":{"image_generator_settings":{"template":"highway","default_image_id":0,"font":"","enabled":false},"version":2},"jetpack_post_was_ever_published":false},"categories":[4],"tags":[2622,2654],"class_list":["post-6181","post","type-post","status-publish","format-standard","hentry","category-fahrgast","tag-fremdsprachlich","tag-zahlreich"],"jetpack_publicize_connections":[],"jetpack_sharing_enabled":true,"jetpack_shortlink":"https:\/\/wp.me\/p5LJq5-1BH","jetpack_likes_enabled":true,"jetpack_featured_media_url":"","_links":{"self":[{"href":"http:\/\/gestern-nacht-im-taxi.de\/wordpress\/wp-json\/wp\/v2\/posts\/6181","targetHints":{"allow":["GET"]}}],"collection":[{"href":"http:\/\/gestern-nacht-im-taxi.de\/wordpress\/wp-json\/wp\/v2\/posts"}],"about":[{"href":"http:\/\/gestern-nacht-im-taxi.de\/wordpress\/wp-json\/wp\/v2\/types\/post"}],"author":[{"embeddable":true,"href":"http:\/\/gestern-nacht-im-taxi.de\/wordpress\/wp-json\/wp\/v2\/users\/1"}],"replies":[{"embeddable":true,"href":"http:\/\/gestern-nacht-im-taxi.de\/wordpress\/wp-json\/wp\/v2\/comments?post=6181"}],"version-history":[{"count":1,"href":"http:\/\/gestern-nacht-im-taxi.de\/wordpress\/wp-json\/wp\/v2\/posts\/6181\/revisions"}],"predecessor-version":[{"id":6581,"href":"http:\/\/gestern-nacht-im-taxi.de\/wordpress\/wp-json\/wp\/v2\/posts\/6181\/revisions\/6581"}],"wp:attachment":[{"href":"http:\/\/gestern-nacht-im-taxi.de\/wordpress\/wp-json\/wp\/v2\/media?parent=6181"}],"wp:term":[{"taxonomy":"category","embeddable":true,"href":"http:\/\/gestern-nacht-im-taxi.de\/wordpress\/wp-json\/wp\/v2\/categories?post=6181"},{"taxonomy":"post_tag","embeddable":true,"href":"http:\/\/gestern-nacht-im-taxi.de\/wordpress\/wp-json\/wp\/v2\/tags?post=6181"}],"curies":[{"name":"wp","href":"https:\/\/api.w.org\/{rel}","templated":true}]}}