{"id":4664,"date":"2009-12-30T17:52:20","date_gmt":"2009-12-30T16:52:20","guid":{"rendered":"http:\/\/www.sashs-blog.de\/wordpress\/?p=4664"},"modified":"2009-12-30T17:52:20","modified_gmt":"2009-12-30T16:52:20","slug":"ofter-mal-was-neues-plananderung","status":"publish","type":"post","link":"http:\/\/gestern-nacht-im-taxi.de\/wordpress\/2009\/12\/30\/ofter-mal-was-neues-plananderung\/","title":{"rendered":"\u00d6fter mal was Neues: Plan\u00e4nderung"},"content":{"rendered":"<p style=\"text-align: justify;\">Aus dem Bette geschmissen hat mich mein Tagfahrer mehr oder weniger als er mir um 16 Uhr Bescheid sagte, dass das Auto jetzt abholbereit sei, und er sich bis Montag verabschiede. Inklusive gutem Rutsch und allem&#8230;<\/p>\n<p style=\"text-align: justify;\">Ich war mir jetzt nicht mehr so ganz sicher, ob das Auto an Silvester belegt ist, weil ich das derletzt erfahren hab, als mein Chef mich aus dem Bette geschmissen hat und ich \u00e4hnlich fit war wie nachts um 4 Uhr ein normaler Mensch. Sicherheitshalber &#8211; w\u00e4re ja bl\u00f6d, das Auto f\u00fcr einen Tag abzustellen &#8211; hab ich im B\u00fcro angerufen und nachgefragt. Dabei hat sich dann ergeben, dass tats\u00e4chlich ein Auto freigeworden ist und nach einer zweimin\u00fctigen Nachfrage verk\u00fcndete mein Chef mir, dass ich dann schon &#8222;mein&#8220; Auto durchgehend nehmen k\u00f6nnte. Und:<\/p>\n<p style=\"padding-left: 30px; text-align: justify;\"><em>&#8222;Wenn sich alles so einfach regeln lassen w\u00fcrde, h\u00e4tte ich keine Probleme mehr.&#8220;<\/em><\/p>\n<p style=\"text-align: justify;\">Aber was mache ich nun? Eigentlich wollte ich Silvester ja frei machen. Aber ich hatte so oder so nicht vor, zu feiern. Ich wollte nur mit Ozie v\u00f6llig harmlos was essen, gem\u00fctlich Filmchen schauen und\/oder das Internet unsicher machen. Explizit mal nicht feiern. Aus dem Besuch in Cuxhaven ist dank dem Tod meiner Mutter ja nichts geworden&#8230;<\/p>\n<p style=\"text-align: justify;\">Also hole ich mir nachher das Auto, stelle es hier ab und dann fahre ich eben doch an Silvester. Erst nach 0 Uhr irgendwann und sicher nur ein paar St\u00fcndchen. Aber es lohnt sicher mehr als heute. Und heute? Tja, ich w\u00fcrde sagen, dass sich 2009 f\u00fcr mich erledigt hat! Keine Arbeit mehr!<\/p>\n<p style=\"text-align: justify;\">Tja, keine Taxigeschichten mehr bis n\u00e4chstes Jahr&#8230; traurig aber wahr!<\/p>\n<p style=\"text-align: justify;\">Daf\u00fcr gibt es heute ab 0.00 Uhr den Jahresr\u00fcckblick und dann hoffentlich im neuen Jahr einen Silvesterbericht.<\/p>\n","protected":false},"excerpt":{"rendered":"<p>Aus dem Bette geschmissen hat mich mein Tagfahrer mehr oder weniger als er mir um 16 Uhr Bescheid sagte, dass das Auto jetzt abholbereit sei, und er sich bis Montag verabschiede. Inklusive gutem Rutsch und allem&#8230; Ich war mir jetzt nicht mehr so ganz sicher, ob das Auto an Silvester belegt ist, weil ich das [&hellip;]<\/p>\n","protected":false},"author":1,"featured_media":0,"comment_status":"open","ping_status":"open","sticky":false,"template":"","format":"standard","meta":{"_jetpack_newsletter_access":"","_jetpack_dont_email_post_to_subs":false,"_jetpack_newsletter_tier_id":0,"_jetpack_memberships_contains_paywalled_content":false,"_jetpack_feature_clip_id":0,"_jetpack_memberships_contains_paid_content":false,"footnotes":"","jetpack_publicize_message":"","jetpack_publicize_feature_enabled":true,"jetpack_social_post_already_shared":false,"jetpack_social_options":{"image_generator_settings":{"template":"highway","default_image_id":0,"font":"","enabled":false},"version":2},"jetpack_post_was_ever_published":false},"categories":[],"tags":[],"class_list":["post-4664","post","type-post","status-publish","format-standard","hentry"],"jetpack_publicize_connections":[],"jetpack_sharing_enabled":true,"jetpack_shortlink":"https:\/\/wp.me\/p5LJq5-1de","jetpack_likes_enabled":true,"jetpack_featured_media_url":"","_links":{"self":[{"href":"http:\/\/gestern-nacht-im-taxi.de\/wordpress\/wp-json\/wp\/v2\/posts\/4664","targetHints":{"allow":["GET"]}}],"collection":[{"href":"http:\/\/gestern-nacht-im-taxi.de\/wordpress\/wp-json\/wp\/v2\/posts"}],"about":[{"href":"http:\/\/gestern-nacht-im-taxi.de\/wordpress\/wp-json\/wp\/v2\/types\/post"}],"author":[{"embeddable":true,"href":"http:\/\/gestern-nacht-im-taxi.de\/wordpress\/wp-json\/wp\/v2\/users\/1"}],"replies":[{"embeddable":true,"href":"http:\/\/gestern-nacht-im-taxi.de\/wordpress\/wp-json\/wp\/v2\/comments?post=4664"}],"version-history":[{"count":0,"href":"http:\/\/gestern-nacht-im-taxi.de\/wordpress\/wp-json\/wp\/v2\/posts\/4664\/revisions"}],"wp:attachment":[{"href":"http:\/\/gestern-nacht-im-taxi.de\/wordpress\/wp-json\/wp\/v2\/media?parent=4664"}],"wp:term":[{"taxonomy":"category","embeddable":true,"href":"http:\/\/gestern-nacht-im-taxi.de\/wordpress\/wp-json\/wp\/v2\/categories?post=4664"},{"taxonomy":"post_tag","embeddable":true,"href":"http:\/\/gestern-nacht-im-taxi.de\/wordpress\/wp-json\/wp\/v2\/tags?post=4664"}],"curies":[{"name":"wp","href":"https:\/\/api.w.org\/{rel}","templated":true}]}}