{"id":20268,"date":"2018-11-03T14:39:31","date_gmt":"2018-11-03T12:39:31","guid":{"rendered":"http:\/\/gestern-nacht-im-taxi.de\/wordpress\/?p=20268"},"modified":"2018-11-03T14:46:58","modified_gmt":"2018-11-03T12:46:58","slug":"plottwist-das-wars","status":"publish","type":"post","link":"http:\/\/gestern-nacht-im-taxi.de\/wordpress\/2018\/11\/03\/plottwist-das-wars\/","title":{"rendered":"Plottwist: Das war&#8217;s!"},"content":{"rendered":"<p style=\"text-align: justify;\">Ich hab vorgestern einige Twitter-Follower etwas \u00fcberrascht hiermit hinterlassen:<\/p>\n<blockquote class=\"twitter-tweet\" data-lang=\"de\">\n<p dir=\"ltr\" lang=\"de\">Plottwist: Ich h\u00f6re auf mit Taxifahren.<\/p>\n<p>\u2014 GesternNachtImTaxi (@_GNIT_) <a href=\"https:\/\/twitter.com\/_GNIT_\/status\/1058029733458395142?ref_src=twsrc%5Etfw\">1. November 2018<\/a><\/p><\/blockquote>\n<p style=\"text-align: justify;\"><script async src=\"https:\/\/platform.twitter.com\/widgets.js\" charset=\"utf-8\"><\/script><\/p>\n<p style=\"text-align: justify;\">Nun ist es auch hier an der Zeit, Klartext zu reden: Das war&#8217;s! Ich h\u00f6re auf. Gemeint ist: Ich h\u00f6re auf, als Taxifahrer zu arbeiten. Und damit ist selbstverst\u00e4ndlich auch GNIT zu Ende.<\/p>\n<p style=\"text-align: justify;\">Ich wei\u00df, ich wei\u00df. Und um ganz ehrlich zu sein, ist es auch f\u00fcr mich noch etwas \u00fcberw\u00e4ltigend, denn diese Entscheidung ist erst in den letzten 10 Tagen gefallen und ich als etwas sentimental veranlagter Mensch hab auch noch nicht so wirklich eine Antwort darauf gefunden, wie ich damit umgehen soll.<\/p>\n<p style=\"text-align: justify;\"><img loading=\"lazy\" decoding=\"async\" class=\"aligncenter size-full wp-image-16821\" src=\"http:\/\/gestern-nacht-im-taxi.de\/wordpress\/wp-content\/uploads\/2014\/10\/halloween.jpg\" alt=\"\" width=\"635\" height=\"480\" srcset=\"http:\/\/gestern-nacht-im-taxi.de\/wordpress\/wp-content\/uploads\/2014\/10\/halloween.jpg 635w, http:\/\/gestern-nacht-im-taxi.de\/wordpress\/wp-content\/uploads\/2014\/10\/halloween-300x226.jpg 300w\" sizes=\"auto, (max-width: 635px) 100vw, 635px\" \/><\/p>\n<p style=\"text-align: justify;\">Aber ja, ich arbeite noch dieses und das n\u00e4chste Wochenende, bin dann offiziell erst einmal noch eine ganze Weile in Elternzeit, werde aus selbiger aber nicht mehr zur\u00fcckkehren. Zumindest hab ich im B\u00fcro gefragt, ob das so geht und erst einmal sieht es aus, als w\u00fcrde das so klappen.<\/p>\n<p style=\"text-align: justify;\">Es w\u00e4ren damit reell fast &#8211; und offiziell knapp \u00fcber &#8211; 10 Jahre, die ich als Taxifahrer gearbeitet und dar\u00fcber auch gebloggt habe. Und damit mit Abstand der Job, den ich bisher am l\u00e4ngsten inne hatte und ein Lebensabschnitt, dessen Ereignisreichtum in manchen Phasen verst\u00f6rend umfangreich war. Leserzahlen, Unterst\u00fctzung, Interviews, Aufmerksamkeit &#8230; f\u00fcr meine bescheidenen Verh\u00e4ltnisse war all das enorm und es hat mich viel gelehrt und mir so viele neue Perspektiven er\u00f6ffnet, dass ich all euch Begleitern w\u00e4hrend dieser Jahre gerne eine Medaille umh\u00e4ngen m\u00f6chte. Es war ein zeitweilig wilder Ritt und ich kann mit Sicherheit behaupten, dass GNIT mir meine 15 Minuten Ruhm beschert hat. Ein ganzseitiges Foto im Stern, fuck yeah!<\/p>\n<p style=\"text-align: justify;\">Man liest tausendfach, wie sehr Kinder das Leben ver\u00e4ndern und wie der Nachwuchs alles umschmei\u00dft, aber eigentlich hatte ich nie vor, diese Exit-Strategie f\u00fcr mich zu verwenden. Mit der geeigneten Konstellation aus Baby, Partnerin und Job funktioniert selbst Nachtarbeit. Ich w\u00e4re gerne der gewesen, der das allen beweist. Nun bin ich es nicht, aber anstelle eines Nachtarbeit-Rants m\u00fcsst Ihr damit leben, dass das alleine nicht der Grund f\u00fcr meine Entscheidung war (wenngleich es nat\u00fcrlich anstrengend f\u00fcr Ozie war), sondern dass ich durch die viermonatige Elternzeit einfach nur gelernt habe, dass selbst dieser Job, mit dem ich mich immer auch identifiziert habe, nicht im Ansatz gereicht hat, um f\u00fcr mich wichtiger zu sein als meine Vorstellung von einer angemessenen Vaterschaft.<\/p>\n<blockquote class=\"twitter-tweet\" data-lang=\"de\">\n<p dir=\"ltr\" lang=\"de\">Serienm\u00f6hrder. <a href=\"https:\/\/t.co\/MNPgHiKEeG\">pic.twitter.com\/MNPgHiKEeG<\/a><\/p>\n<p>\u2014 K\u00e4ssp\u00e4tzle JWD (@kasspatzle) <a href=\"https:\/\/twitter.com\/kasspatzle\/status\/1058372070508318721?ref_src=twsrc%5Etfw\">2. November 2018<\/a><\/p><\/blockquote>\n<p style=\"text-align: justify;\"><script async src=\"https:\/\/platform.twitter.com\/widgets.js\" charset=\"utf-8\"><\/script><\/p>\n<p style=\"text-align: justify;\">Ja, mein Herz war im letzten Jahr insgesamt nicht mehr so ganz bei der Arbeit, ich hatte oft keine gro\u00dfe Lust und hab mehr oder weniger versucht, gro\u00dfen Trubel zu vermeiden, im besten Falle Dienst nach Vorschrift, im Grunde war ich da selbst nicht so ganz zufrieden mit.<\/p>\n<p style=\"text-align: justify;\">Die Frage, die sich die meisten von Euch jetzt stellen werden, wird &#8222;Und jetzt?&#8220; sein. Neuer Job, neues Buch? Da muss ich erst einmal sagen: Nope! Ich bin jetzt erst einmal zu Hause und k\u00fcmmere ich mich um das Baby. Nat\u00fcrlich versuche ich, wenn ich aus dem Taxi raus bin, ein bisschen mehr in meinem Elternblog &#8222;<a href=\"https:\/\/www.k\u00e4ssp\u00e4tzle-jwd.de\">K\u00e4ssp\u00e4tzle JWD<\/a>&#8220; zu schreiben, wozu es bisher nicht gereicht hat und nat\u00fcrlich werde ich ebenso meiner besseren H\u00e4lfte ein bisschen bei <a href=\"http:\/\/mausgraudesign.de\">ihrem Unternehmen<\/a> unter die Arme greifen, denn irgendwo muss das Geld ja herkommen.<\/p>\n<p>Ich hoffe, in den n\u00e4chsten Tagen fallen noch ein paar Geschichten ein, aber da ich nur noch f\u00fcnfmal (plus eine Lesertour am Montag) im Taxi sitzen werde, wird das eine \u00fcberschaubare Anzahl werden. Planm\u00e4\u00dfig ist am 12.11.2018, irgendwann zwischen 0 und 1 Uhr Schluss, direkt zu meinem 37. Geburtstag. Ein ungew\u00f6hnliches Geschenk, das ich mir da gemacht habe, und vielleicht bereue ich es sogar mal hier und da. Aber das hat man mir damals beim Taxifahren ja auch versprochen. \ud83d\ude09<\/p>\n<p>Wir lesen uns die Tage noch, ok?<\/p>\n<p><img loading=\"lazy\" decoding=\"async\" src=\"http:\/\/vg07.met.vgwort.de\/na\/1ca6ba7ef70f44c284c81cefe26fefde\" alt=\"\" width=\"1\" height=\"1\" \/><\/p>\n","protected":false},"excerpt":{"rendered":"<p>Ich hab vorgestern einige Twitter-Follower etwas \u00fcberrascht hiermit hinterlassen: Plottwist: Ich h\u00f6re auf mit Taxifahren. \u2014 GesternNachtImTaxi (@_GNIT_) 1. November 2018 Nun ist es auch hier an der Zeit, Klartext zu reden: Das war&#8217;s! Ich h\u00f6re auf. Gemeint ist: Ich h\u00f6re auf, als Taxifahrer zu arbeiten. Und damit ist selbstverst\u00e4ndlich auch GNIT zu Ende. Ich [&hellip;]<\/p>\n","protected":false},"author":1,"featured_media":16812,"comment_status":"open","ping_status":"open","sticky":false,"template":"","format":"standard","meta":{"_jetpack_newsletter_access":"","_jetpack_dont_email_post_to_subs":true,"_jetpack_newsletter_tier_id":0,"_jetpack_memberships_contains_paywalled_content":false,"_jetpack_feature_clip_id":0,"_jetpack_memberships_contains_paid_content":false,"footnotes":"","jetpack_publicize_message":"","jetpack_publicize_feature_enabled":true,"jetpack_social_post_already_shared":true,"jetpack_social_options":{"image_generator_settings":{"template":"highway","default_image_id":0,"font":"","enabled":false},"version":2},"jetpack_post_was_ever_published":false},"categories":[10,11,5],"tags":[2628,3032,4988,4998,4997,3755,2624],"class_list":["post-20268","post","type-post","status-publish","format-standard","has-post-thumbnail","hentry","category-leben","category-chef","category-job","tag-blog","tag-chef-2","tag-eigenes","tag-ende","tag-gnit","tag-leben-2","tag-medien"],"jetpack_publicize_connections":[],"jetpack_sharing_enabled":true,"jetpack_shortlink":"https:\/\/wp.me\/p5LJq5-5gU","jetpack_likes_enabled":true,"jetpack_featured_media_url":"http:\/\/gestern-nacht-im-taxi.de\/wordpress\/wp-content\/uploads\/2014\/10\/2014-10-kuerbi-6.jpg","_links":{"self":[{"href":"http:\/\/gestern-nacht-im-taxi.de\/wordpress\/wp-json\/wp\/v2\/posts\/20268","targetHints":{"allow":["GET"]}}],"collection":[{"href":"http:\/\/gestern-nacht-im-taxi.de\/wordpress\/wp-json\/wp\/v2\/posts"}],"about":[{"href":"http:\/\/gestern-nacht-im-taxi.de\/wordpress\/wp-json\/wp\/v2\/types\/post"}],"author":[{"embeddable":true,"href":"http:\/\/gestern-nacht-im-taxi.de\/wordpress\/wp-json\/wp\/v2\/users\/1"}],"replies":[{"embeddable":true,"href":"http:\/\/gestern-nacht-im-taxi.de\/wordpress\/wp-json\/wp\/v2\/comments?post=20268"}],"version-history":[{"count":8,"href":"http:\/\/gestern-nacht-im-taxi.de\/wordpress\/wp-json\/wp\/v2\/posts\/20268\/revisions"}],"predecessor-version":[{"id":20277,"href":"http:\/\/gestern-nacht-im-taxi.de\/wordpress\/wp-json\/wp\/v2\/posts\/20268\/revisions\/20277"}],"wp:featuredmedia":[{"embeddable":true,"href":"http:\/\/gestern-nacht-im-taxi.de\/wordpress\/wp-json\/wp\/v2\/media\/16812"}],"wp:attachment":[{"href":"http:\/\/gestern-nacht-im-taxi.de\/wordpress\/wp-json\/wp\/v2\/media?parent=20268"}],"wp:term":[{"taxonomy":"category","embeddable":true,"href":"http:\/\/gestern-nacht-im-taxi.de\/wordpress\/wp-json\/wp\/v2\/categories?post=20268"},{"taxonomy":"post_tag","embeddable":true,"href":"http:\/\/gestern-nacht-im-taxi.de\/wordpress\/wp-json\/wp\/v2\/tags?post=20268"}],"curies":[{"name":"wp","href":"https:\/\/api.w.org\/{rel}","templated":true}]}}