{"id":19015,"date":"2016-09-03T07:07:01","date_gmt":"2016-09-03T05:07:01","guid":{"rendered":"http:\/\/gestern-nacht-im-taxi.de\/wordpress\/?p=19015"},"modified":"2016-09-03T04:29:36","modified_gmt":"2016-09-03T02:29:36","slug":"touren-mit-denen-man-anfaengt","status":"publish","type":"post","link":"http:\/\/gestern-nacht-im-taxi.de\/wordpress\/2016\/09\/03\/touren-mit-denen-man-anfaengt\/","title":{"rendered":"Touren, mit denen man anf\u00e4ngt"},"content":{"rendered":"<p style=\"text-align: justify;\">Der Kollege am Bahnhof jammerte mich gerade noch zu \u00fcber seine ach so kurze Tour zur Krossener Stra\u00dfe, bevor ich \u00fcberhaupt eine bezahlte Fahrt zu vermelden hatte.<\/p>\n<p style=\"padding-left: 30px; text-align: justify;\">(Was im \u00dcbrigen v\u00f6llig ok war, das m\u00f6chte ich hier auch mal erw\u00e4hnen, weil ich es selten tue: Nur weil das Ablehnen von kurzen Touren verboten ist und ich es unversch\u00e4mt finde, Kunden wegen solcher Fahrten schlecht zu behandeln: Dass man unter Kollegen mal theatralisch \u00fcber das Pech an der Halte klagt, ist selbstverst\u00e4ndlich kein Ausschluss-Kriterium f\u00fcr gute Taxifahrer, das geh\u00f6rt bei uns wie bei jedem Dienstleistungsjob auch dazu, das mache ich auch.)<\/p>\n<p style=\"text-align: justify;\">Aber gut, der Kollege hatte also gerade zu Ende gejammert, da bekam ich eine Kundin.<\/p>\n<p style=\"padding-left: 30px; text-align: justify;\"><em>&#8222;Wir m\u00fcssen da hinten auf den Baumarkt-Parkplatz.&#8220;<\/em><\/p>\n<p style=\"text-align: justify;\">OK, da war immerhin schon mal klar, dass es noch weitergehen w\u00fcrde. \ud83d\ude09<\/p>\n<p style=\"text-align: justify;\">Also habe ich frohgemut beim Einladen von ein paar Farbeimern geholfen und wartete gespannt aufs weitere Ziel.<\/p>\n<p style=\"padding-left: 30px; text-align: justify;\"><em>&#8222;Wir m\u00fcssten in die Gr\u00fcnberger.&#8220;<\/em><\/p>\n<p style=\"text-align: justify;\">Noch vor der Warschauer! Nicht, dass mich das ernstlich geschockt h\u00e4tte, ich hatte viel eher vor Augen, wie ich dem Kollegen eine halbe Stunde sp\u00e4ter berichten w\u00fcrde, dass seine Tour ja gar nix gewesen sei und ich mit Zwischenstopp und Gep\u00e4ckverstauen am Ende nochmal zwei Euro weniger auf der Uhr gehabt h\u00e4tte.<\/p>\n<p style=\"text-align: justify;\">Aber dann war das dort nur ein weiterer bezahlter Zwischenstopp und am Ende kam die Uhr bei durchschnittlichen 13 \u20ac zum Stehen.<\/p>\n<p style=\"text-align: justify;\">Und bei all dem Renovierkrempel, der inzwischen fast den ganzen Kofferraum der 2223 ausgef\u00fcllt hat, bleibt einmal mehr anzumerken, dass man Taxis wirklich nicht ausschlie\u00dfen muss, wenn es um den Abtransport von Eink\u00e4ufen angeht. Klar, gef\u00fchlt ist das immer sofort superteuer, aber wenn man sich mal anschaut, was f\u00fcr einen Stress man ohne eigenes Auto z.B. mit dem Anmieten von Mietwagen oder dem Abholen von CarSharing-Autos hat: Wenn es danach nicht gleich durchs halbe Bundesland geht, ist die kleine Preisdifferenz dann manchmal vielleicht doch zu vernachl\u00e4ssigen. So es sie in einem Fall wie dem obigen \u00fcberhaupt gegeben hat, bei dem es immerhin um einen guten Teil von Renovierungsvorarbeiten ging.<\/p>\n<p><img loading=\"lazy\" decoding=\"async\" src=\"http:\/\/vg04.met.vgwort.de\/na\/700d41992855429d909d959491026793\" alt=\"\" width=\"1\" height=\"1\" \/><\/p>\n<p style=\"text-align: justify;\">Kleiner Nachteil f\u00fcr mich pers\u00f6nlich: Ich hatte keinen Grund mehr, dem Kollegen was vorzujammern. \ud83d\ude09<\/p>\n","protected":false},"excerpt":{"rendered":"<p>Der Kollege am Bahnhof jammerte mich gerade noch zu \u00fcber seine ach so kurze Tour zur Krossener Stra\u00dfe, bevor ich \u00fcberhaupt eine bezahlte Fahrt zu vermelden hatte. (Was im \u00dcbrigen v\u00f6llig ok war, das m\u00f6chte ich hier auch mal erw\u00e4hnen, weil ich es selten tue: Nur weil das Ablehnen von kurzen Touren verboten ist und [&hellip;]<\/p>\n","protected":false},"author":1,"featured_media":0,"comment_status":"open","ping_status":"open","sticky":false,"template":"","format":"standard","meta":{"_jetpack_newsletter_access":"","_jetpack_dont_email_post_to_subs":false,"_jetpack_newsletter_tier_id":0,"_jetpack_memberships_contains_paywalled_content":false,"_jetpack_feature_clip_id":0,"_jetpack_memberships_contains_paid_content":false,"footnotes":"","jetpack_publicize_message":"","jetpack_publicize_feature_enabled":true,"jetpack_social_post_already_shared":true,"jetpack_social_options":{"image_generator_settings":{"template":"highway","default_image_id":0,"font":"","enabled":false},"version":2},"jetpack_post_was_ever_published":false},"categories":[19,4],"tags":[3361,2646,2619],"class_list":["post-19015","post","type-post","status-publish","format-standard","hentry","category-desorientiert","category-fahrgast","tag-gepack","tag-gluck","tag-lieb"],"jetpack_publicize_connections":[],"jetpack_sharing_enabled":true,"jetpack_shortlink":"https:\/\/wp.me\/p5LJq5-4WH","jetpack_likes_enabled":true,"jetpack_featured_media_url":"","_links":{"self":[{"href":"http:\/\/gestern-nacht-im-taxi.de\/wordpress\/wp-json\/wp\/v2\/posts\/19015","targetHints":{"allow":["GET"]}}],"collection":[{"href":"http:\/\/gestern-nacht-im-taxi.de\/wordpress\/wp-json\/wp\/v2\/posts"}],"about":[{"href":"http:\/\/gestern-nacht-im-taxi.de\/wordpress\/wp-json\/wp\/v2\/types\/post"}],"author":[{"embeddable":true,"href":"http:\/\/gestern-nacht-im-taxi.de\/wordpress\/wp-json\/wp\/v2\/users\/1"}],"replies":[{"embeddable":true,"href":"http:\/\/gestern-nacht-im-taxi.de\/wordpress\/wp-json\/wp\/v2\/comments?post=19015"}],"version-history":[{"count":1,"href":"http:\/\/gestern-nacht-im-taxi.de\/wordpress\/wp-json\/wp\/v2\/posts\/19015\/revisions"}],"predecessor-version":[{"id":19016,"href":"http:\/\/gestern-nacht-im-taxi.de\/wordpress\/wp-json\/wp\/v2\/posts\/19015\/revisions\/19016"}],"wp:attachment":[{"href":"http:\/\/gestern-nacht-im-taxi.de\/wordpress\/wp-json\/wp\/v2\/media?parent=19015"}],"wp:term":[{"taxonomy":"category","embeddable":true,"href":"http:\/\/gestern-nacht-im-taxi.de\/wordpress\/wp-json\/wp\/v2\/categories?post=19015"},{"taxonomy":"post_tag","embeddable":true,"href":"http:\/\/gestern-nacht-im-taxi.de\/wordpress\/wp-json\/wp\/v2\/tags?post=19015"}],"curies":[{"name":"wp","href":"https:\/\/api.w.org\/{rel}","templated":true}]}}