{"id":16682,"date":"2014-09-27T07:07:18","date_gmt":"2014-09-27T05:07:18","guid":{"rendered":"http:\/\/gestern-nacht-im-taxi.de\/wordpress\/?p=16682"},"modified":"2014-09-27T04:27:59","modified_gmt":"2014-09-27T02:27:59","slug":"kurze-freude","status":"publish","type":"post","link":"http:\/\/gestern-nacht-im-taxi.de\/wordpress\/2014\/09\/27\/kurze-freude\/","title":{"rendered":"Kurze Freude"},"content":{"rendered":"<p style=\"text-align: justify;\">Heute Nacht war nicht wirklich eine Arbeitsnacht. Sie h\u00e4tte eine sein sollen, ja. Aber die letzten Tage waren auch ohne Taxi anstrengend und so hab ich das mit der Arbeit bei einem &#8222;Naja, vielleicht ja noch \u2026&#8220; werden lassen. Was, um ehrlich zu sein, hie\u00df, dass mich keine zehn Pferde auf die Stra\u00dfe kriegen w\u00fcrden, ich mir aber die theoretische Option offen lasse. Cheffe wird&#8217;s nicht freuen, aber ich hab nicht so sonderlich oft eine Deadline f\u00fcr die Manuskriptabgabe. Und im letzten Moment ist nat\u00fcrlich trotzdem alles zu eng, auch wenn&#8217;s davor ja &#8222;gar kein Problem&#8220; war. \ud83d\ude09<\/p>\n<p style=\"text-align: justify;\">Aber gut. Zeitgleich hatte meine bessere H\u00e4lfte Pr\u00fcfungen und am gestrigen Abend war bei uns beiden herrlich zeitgleich alle Luft raus. Was f\u00fcr ein Timing! Es lief dann auf v\u00f6llig hirnentleerendes Fernsehschauen mit leckerem Essen hinaus und dabei h\u00e4tte es eigentlich bleiben k\u00f6nnen. Aber dann sa\u00df ich pl\u00f6tzlich um 2 Uhr als einzig noch wache Person in der Wohnung rum und war pl\u00f6tzlich nicht mehr sonderlich m\u00fcde. Also denn: Raus auf die Stra\u00dfe, rein ins Taxi!<\/p>\n<p style=\"text-align: justify;\">Ziele hatte ich keine, ich wollte nach M\u00f6glichkeit ein paar Winker mitnehmen, mehr so zum Spa\u00df. Das aber sollte so nicht klappen. \u00dcberall freie Taxis und kaum Leute auf der Stra\u00dfe. Der Nieselregen hat wohl den meisten die Laune zum Weggehen verdorben. Nach einer Stunde ohne Kundschaft war mir das dann zu bl\u00f6d und ich bin wieder heim. Just da hab ich dann immerhin noch eine Kurzstrecke mitgenommen. Ist eigentlich nicht der Rede wert, aber wortw\u00f6rtlich besser als nix \u2026<\/p>\n<p style=\"text-align: justify;\">Gelohnt hat sich der Ausflug finanziell nicht, daf\u00fcr habe ich aber einen besonders sch\u00f6nen Satz an einer Ampel aufgeschnappt. Ein paar junge Leute, wohl auf dem Heimweg. Und einer meinte:<\/p>\n<p style=\"padding-left: 30px; text-align: justify;\"><em>&#8222;Ich schw\u00f6r&#8217;s Euch! Ich hab vorher voll den Zauber-D\u00f6ner gegessen!&#8220;<\/em><\/p>\n<p><img loading=\"lazy\" decoding=\"async\" src=\"http:\/\/vg05.met.vgwort.de\/na\/073608d8d3f349bca10e18d4e77a6f4e\" width=\"1\" height=\"1\" alt=\"\"><\/p>\n<p style=\"text-align: justify;\">Die Meldungen des Tages w\u00e4ren aber nat\u00fcrlich nicht komplett ohne den Hinweis darauf, <a title=\"heise.de \u2013 Uber in Hamburg und Berlin wieder verboten\" href=\"http:\/\/www.heise.de\/newsticker\/meldung\/Gerichte-bestaetigen-Uber-Verbot-in-Berlin-und-Hamburg-2404577.html?wt_mc=rss.ho.beitrag.atom\" target=\"_blank\">dass die unl\u00e4ngst aufgehobenen Verbote von Uber in Berlin und Hamburg wieder g\u00fcltig sind<\/a>. Jetzt, da ich das schreibe, gibt es von Uber noch keine Stellungnahme, aber ich wette, dass es in dieser um Smartphones und Innovationen sowie Wahlm\u00f6glichkeiten gehen wird. Wie immer, egal was gerade passiert.<\/p>\n","protected":false},"excerpt":{"rendered":"<p>Heute Nacht war nicht wirklich eine Arbeitsnacht. Sie h\u00e4tte eine sein sollen, ja. Aber die letzten Tage waren auch ohne Taxi anstrengend und so hab ich das mit der Arbeit bei einem &#8222;Naja, vielleicht ja noch \u2026&#8220; werden lassen. Was, um ehrlich zu sein, hie\u00df, dass mich keine zehn Pferde auf die Stra\u00dfe kriegen w\u00fcrden, [&hellip;]<\/p>\n","protected":false},"author":1,"featured_media":0,"comment_status":"open","ping_status":"open","sticky":false,"template":"","format":"standard","meta":{"_jetpack_newsletter_access":"","_jetpack_dont_email_post_to_subs":false,"_jetpack_newsletter_tier_id":0,"_jetpack_memberships_contains_paywalled_content":false,"_jetpack_feature_clip_id":0,"_jetpack_memberships_contains_paid_content":false,"footnotes":"","jetpack_publicize_message":"","jetpack_publicize_feature_enabled":true,"jetpack_social_post_already_shared":false,"jetpack_social_options":{"image_generator_settings":{"template":"highway","default_image_id":0,"font":"","enabled":false},"version":2},"jetpack_post_was_ever_published":false},"categories":[2623,10,5],"tags":[2629,2644,2624,4244],"class_list":["post-16682","post","type-post","status-publish","format-standard","hentry","category-anderes","category-leben","category-job","tag-internet","tag-kurzstrecke","tag-medien","tag-schicht"],"jetpack_publicize_connections":[],"jetpack_sharing_enabled":true,"jetpack_shortlink":"https:\/\/wp.me\/p5LJq5-4l4","jetpack_likes_enabled":true,"jetpack_featured_media_url":"","_links":{"self":[{"href":"http:\/\/gestern-nacht-im-taxi.de\/wordpress\/wp-json\/wp\/v2\/posts\/16682","targetHints":{"allow":["GET"]}}],"collection":[{"href":"http:\/\/gestern-nacht-im-taxi.de\/wordpress\/wp-json\/wp\/v2\/posts"}],"about":[{"href":"http:\/\/gestern-nacht-im-taxi.de\/wordpress\/wp-json\/wp\/v2\/types\/post"}],"author":[{"embeddable":true,"href":"http:\/\/gestern-nacht-im-taxi.de\/wordpress\/wp-json\/wp\/v2\/users\/1"}],"replies":[{"embeddable":true,"href":"http:\/\/gestern-nacht-im-taxi.de\/wordpress\/wp-json\/wp\/v2\/comments?post=16682"}],"version-history":[{"count":2,"href":"http:\/\/gestern-nacht-im-taxi.de\/wordpress\/wp-json\/wp\/v2\/posts\/16682\/revisions"}],"predecessor-version":[{"id":16684,"href":"http:\/\/gestern-nacht-im-taxi.de\/wordpress\/wp-json\/wp\/v2\/posts\/16682\/revisions\/16684"}],"wp:attachment":[{"href":"http:\/\/gestern-nacht-im-taxi.de\/wordpress\/wp-json\/wp\/v2\/media?parent=16682"}],"wp:term":[{"taxonomy":"category","embeddable":true,"href":"http:\/\/gestern-nacht-im-taxi.de\/wordpress\/wp-json\/wp\/v2\/categories?post=16682"},{"taxonomy":"post_tag","embeddable":true,"href":"http:\/\/gestern-nacht-im-taxi.de\/wordpress\/wp-json\/wp\/v2\/tags?post=16682"}],"curies":[{"name":"wp","href":"https:\/\/api.w.org\/{rel}","templated":true}]}}