{"id":16610,"date":"2014-09-12T18:27:14","date_gmt":"2014-09-12T16:27:14","guid":{"rendered":"http:\/\/gestern-nacht-im-taxi.de\/wordpress\/?p=16610"},"modified":"2014-09-12T18:32:09","modified_gmt":"2014-09-12T16:32:09","slug":"mein-tagfahrer","status":"publish","type":"post","link":"http:\/\/gestern-nacht-im-taxi.de\/wordpress\/2014\/09\/12\/mein-tagfahrer\/","title":{"rendered":"Mein Tagfahrer"},"content":{"rendered":"<p style=\"text-align: justify;\">&#8222;Mein Tagfahrer&#8220;, der ist vielen hier ein Begriff, obwohl ich ihn aus dieser Blogsache hier immer rausgehalten hab. Er hat nie viel mit dem Internet zu tun gehabt und GNIT nicht viel mit ihm. Gerade wenn man sich ein Auto teilt, liegt es in der Natur der Sache, dass man sich kaum \u00fcber den Weg l\u00e4uft. Dabei hat er nat\u00fcrlich die Hauptarbeit auf der 1925, sp\u00e4ter dann auf der 72 geleistet. Hat im Gegensatz zu mir Vollzeit gearbeitet und nebenbei noch die ganzen Werkstattfahrten machen m\u00fcssen, die ich meiner Arbeitszeit wegen nicht machen konnte. Mein Tagfahrer hat seit dem ersten Tag ganz wesentlich mitbestimmt, wie das Taxifahren f\u00fcr mich ist und war deshalb f\u00fcr mich eben nicht &#8222;mein Tagfahrer&#8220;, sondern Harald.<\/p>\n<p style=\"text-align: justify;\">Harald, der eine wirklich wichtige Kollege in der Firma. Harald hat angerufen, wenn was mit dem Auto war, Harald hat vor meiner Schicht vollgetankt und das Auto sauber gemacht, so wie ich es dann umgekehrt f\u00fcr ihn getan hab. Als gut eingespieltes Team hatten wir uns \u00fcber unsere Arbeitszeiten, das Abstellen des Autos und so ziemlich alles verst\u00e4ndigt, wof\u00fcr man nicht direkt den Chef anrufen muss. Vor einer Woche hat er seinen Jahresurlaub genommen, da hab ich ihn nach Hause gefahren und seitdem seinen Schl\u00fcssel f\u00fcr die 72 bei mir, damit ich ihn ihm \u2013 falls niemand ihn zwischendrin braucht \u2013 kurz vor seiner R\u00fcckkehr wieder in den Briefkasten werfen kann.<\/p>\n<p style=\"text-align: justify;\">Dazu kommen wird es leider nicht mehr. Vorhin hat mein Chef mich angerufen und mich informiert, dass Harald w\u00e4hrend seines Urlaubs einen Herzinfarkt erlitten hat und verstorben ist. Einfach so. Hat jahrelang gewissenhaft seine Arbeit gemacht, war noch weit von der Rente weg und hinterl\u00e4sst von heute auf morgen eine Familie, von deren Trauer ich mir nicht anma\u00dfe, eine Vorstellung zu haben, wenn schon ich hier mit Klo\u00df im Hals und Tr\u00e4nen im Auge vor dem Monitor sitze.<\/p>\n<p style=\"text-align: justify;\">Harald war vom ersten Tag an da und er blieb mein Tagfahrer. Egal ob das Auto wechselte, die Firma umzog, alles was wichtig war, habe ich immer mit Harald besprochen und sein Tod tut weh, auch wenn ich ihn gar nicht so besonders gut kannte.<\/p>\n<p style=\"text-align: justify;\">Eine Familie hat einen guten Vater und Mann verloren,<\/p>\n<p style=\"text-align: justify;\">ich einen guten Kollegen<\/p>\n<p style=\"text-align: justify;\">und Berlin einen guten Taxifahrer.<\/p>\n<p><img loading=\"lazy\" decoding=\"async\" src=\"http:\/\/vg05.met.vgwort.de\/na\/e88572a3ec67485ebf2c1a7320dfebe1\" alt=\"\" width=\"1\" height=\"1\" \/><\/p>\n<p style=\"text-align: justify;\">Er wird fehlen.<\/p>\n","protected":false},"excerpt":{"rendered":"<p>&#8222;Mein Tagfahrer&#8220;, der ist vielen hier ein Begriff, obwohl ich ihn aus dieser Blogsache hier immer rausgehalten hab. Er hat nie viel mit dem Internet zu tun gehabt und GNIT nicht viel mit ihm. Gerade wenn man sich ein Auto teilt, liegt es in der Natur der Sache, dass man sich kaum \u00fcber den Weg [&hellip;]<\/p>\n","protected":false},"author":1,"featured_media":0,"comment_status":"open","ping_status":"open","sticky":false,"template":"","format":"standard","meta":{"_jetpack_newsletter_access":"","_jetpack_dont_email_post_to_subs":false,"_jetpack_newsletter_tier_id":0,"_jetpack_memberships_contains_paywalled_content":false,"_jetpack_feature_clip_id":0,"_jetpack_memberships_contains_paid_content":false,"footnotes":"","jetpack_publicize_message":"","jetpack_publicize_feature_enabled":true,"jetpack_social_post_already_shared":false,"jetpack_social_options":{"image_generator_settings":{"template":"highway","default_image_id":0,"font":"","enabled":false},"version":2},"jetpack_post_was_ever_published":false},"categories":[2623,22,11,5,8],"tags":[],"class_list":["post-16610","post","type-post","status-publish","format-standard","hentry","category-anderes","category-angenehme","category-chef","category-job","category-kollegen"],"jetpack_publicize_connections":[],"jetpack_sharing_enabled":true,"jetpack_shortlink":"https:\/\/wp.me\/p5LJq5-4jU","jetpack_likes_enabled":true,"jetpack_featured_media_url":"","_links":{"self":[{"href":"http:\/\/gestern-nacht-im-taxi.de\/wordpress\/wp-json\/wp\/v2\/posts\/16610","targetHints":{"allow":["GET"]}}],"collection":[{"href":"http:\/\/gestern-nacht-im-taxi.de\/wordpress\/wp-json\/wp\/v2\/posts"}],"about":[{"href":"http:\/\/gestern-nacht-im-taxi.de\/wordpress\/wp-json\/wp\/v2\/types\/post"}],"author":[{"embeddable":true,"href":"http:\/\/gestern-nacht-im-taxi.de\/wordpress\/wp-json\/wp\/v2\/users\/1"}],"replies":[{"embeddable":true,"href":"http:\/\/gestern-nacht-im-taxi.de\/wordpress\/wp-json\/wp\/v2\/comments?post=16610"}],"version-history":[{"count":4,"href":"http:\/\/gestern-nacht-im-taxi.de\/wordpress\/wp-json\/wp\/v2\/posts\/16610\/revisions"}],"predecessor-version":[{"id":16614,"href":"http:\/\/gestern-nacht-im-taxi.de\/wordpress\/wp-json\/wp\/v2\/posts\/16610\/revisions\/16614"}],"wp:attachment":[{"href":"http:\/\/gestern-nacht-im-taxi.de\/wordpress\/wp-json\/wp\/v2\/media?parent=16610"}],"wp:term":[{"taxonomy":"category","embeddable":true,"href":"http:\/\/gestern-nacht-im-taxi.de\/wordpress\/wp-json\/wp\/v2\/categories?post=16610"},{"taxonomy":"post_tag","embeddable":true,"href":"http:\/\/gestern-nacht-im-taxi.de\/wordpress\/wp-json\/wp\/v2\/tags?post=16610"}],"curies":[{"name":"wp","href":"https:\/\/api.w.org\/{rel}","templated":true}]}}