{"id":16279,"date":"2014-08-15T10:00:12","date_gmt":"2014-08-15T08:00:12","guid":{"rendered":"http:\/\/gestern-nacht-im-taxi.de\/wordpress\/?p=16279"},"modified":"2014-08-15T10:10:23","modified_gmt":"2014-08-15T08:10:23","slug":"pop-n-black-uber","status":"publish","type":"post","link":"http:\/\/gestern-nacht-im-taxi.de\/wordpress\/2014\/08\/15\/pop-n-black-uber\/","title":{"rendered":"Pop &#8217;n&#8216; Black #Uber"},"content":{"rendered":"<p style=\"text-align: justify;\">Ozie verdanke ich eine interessante neue Sichtweise, die ich gerne mit allen Kollegen teilen m\u00f6chte:<\/p>\n<p style=\"text-align: justify;\"><strong>Die Grenze verl\u00e4uft nicht zwischen Uber und den Taxis. Die Grenze verl\u00e4uft zwischen UberPop und UberBlack!<\/strong><\/p>\n<p style=\"text-align: justify;\">Immer noch schreiben &#8222;die Medien&#8220;, dass die Taxifahrer sich gegen &#8222;die Konkurrenz aus dem Internet&#8220; wehren. Was nach wie vor Bullshit ist und Uber zugute kommt. Uber geriert sich selbst als &#8222;innovativ&#8220; und k\u00e4mpft gegen b\u00f6se &#8222;Taxi-Kartelle&#8220; an. Und das ist traurigerweise erfolgsversprechend. Selbst die von mir gesch\u00e4tzte Piratenpartei l\u00e4sst sich mitunter k\u00f6dern dadurch, dass &#8222;Uber aus dem Internet&#8220; ja einfach nur toll sein kann, weil neu und geil und so.<\/p>\n<p style=\"text-align: justify;\">Das ist nat\u00fcrlich Quatsch. Apps hatten wir Taxifahrer schon vorher und teurer als UberPop sind wir nur, weil wir Geld in unsere Ausbildung, unsere Autos und in die Sozialkassen stecken m\u00fcssen. Und das nicht zuletzt zum Wohle und zur Sicherheit der Kunden.<\/p>\n<p style=\"text-align: justify;\">Es geht ja nicht darum, dass Uber uns Konkurrenz macht. Verdammte Schei\u00dfe: im Gegensatz zu Uber wissen wir seit Jahrzehnten, was Konkurrenz durch Mietwagen, Limousinen, Carsharing und co. bedeutet!<\/p>\n<p style=\"text-align: justify;\">Das eigentliche Problem ist, das Uber eine beschissene Firma ist, die mit sicher nicht wenig Frust seit einem Jahr (in Berlin) versucht hat, uns mit UberBlack Konkurrenz zu machen \u2013 und es einfach nicht geschafft hat. Uber hat sich daran versucht, einen Limousinendienst zu etablieren und ist damit auf die Schnauze gefallen. So einfach ist das! Und anstatt in W\u00fcrde den R\u00fcckzug anzutreten haben sie beschlossen, es jetzt halt noch mal illegal zu versuchen. Legal konnten sie \u2013 o Wunder! \u2013 die Taxipreise nicht unterbieten. Also versuchen sie es jetzt, indem sie auf alle Vorschriften schei\u00dfen und dazu ein paar Millionen Dollar\u00a0 rauszuhauen. F\u00fcr Werbung, um die Fahrer zu alimentieren und um uns Taxifahrer als altmodische Deppen hinzustellen.<\/p>\n<p style=\"text-align: justify;\">Ein Kindergartenkrieg, mit dem sie ihre eigene Firmenphilosophie angreifen. Denn ihre erfolglosen und hochgepriesenen UberBlack-Fahrer sind genauso Opfer der UberPop-Kampagne wie wir Taxifahrer. Die Regeln, die sie mit UberPop einzureissen drohen, sind diejenigen, die den UberBlack-Chauffeuren ihr bescheidenes Auskommen gesichert haben. Aber ist ja egal: Uber bietet ja nur die App an und wer da im Fahrdienst arbeitet, kann ihnen ja egal sein. Umsatz ist Umsatz \u2013 und wenn den jetzt UberPop bringt, dann passt das schon.<\/p>\n<p style=\"text-align: justify;\">Ja, ich als Taxifahrer habe es leicht, gegen Uber zu sein. Befangenheit etc.<\/p>\n<p style=\"text-align: justify;\">Aber stellt Euch mal vor, Ihr seid UberBlack-Fahrer. Ausgebildeter Fahrer mit P-Schein und entsprechend ausgestattetem Auto. Alle Kriterien erf\u00fcllt, um in Deutschland legal Personenbef\u00f6rderung anzubieten. Und dann f\u00e4llt Euch euer eigenes Unternehmen in den R\u00fccken \u2026<\/p>\n<p style=\"text-align: justify;\">Ich meine es ernst: auch wenn Uber der beschissenste Arbeitgeber seit Hitler <del>ist<\/del> w\u00e4re:\u00a0 die Grenze verl\u00e4uft nicht zwischen Taxis und Uber. Nicht zwischen App und Kartell. Nicht mal zwischen innovativ und altbacken. Sie verl\u00e4uft zwischen UberBlack und UberPop!<\/p>\n<p><img loading=\"lazy\" decoding=\"async\" alt=\"\" src=\"http:\/\/vg05.met.vgwort.de\/na\/08b0076684a94fdcb85543420bac8016\" width=\"1\" height=\"1\" \/><\/p>\n","protected":false},"excerpt":{"rendered":"<p>Ozie verdanke ich eine interessante neue Sichtweise, die ich gerne mit allen Kollegen teilen m\u00f6chte: Die Grenze verl\u00e4uft nicht zwischen Uber und den Taxis. Die Grenze verl\u00e4uft zwischen UberPop und UberBlack! Immer noch schreiben &#8222;die Medien&#8220;, dass die Taxifahrer sich gegen &#8222;die Konkurrenz aus dem Internet&#8220; wehren. Was nach wie vor Bullshit ist und Uber [&hellip;]<\/p>\n","protected":false},"author":1,"featured_media":0,"comment_status":"open","ping_status":"open","sticky":false,"template":"","format":"standard","meta":{"_jetpack_newsletter_access":"","_jetpack_dont_email_post_to_subs":false,"_jetpack_newsletter_tier_id":0,"_jetpack_memberships_contains_paywalled_content":false,"_jetpack_feature_clip_id":0,"_jetpack_memberships_contains_paid_content":false,"footnotes":"","jetpack_publicize_message":"","jetpack_publicize_feature_enabled":true,"jetpack_social_post_already_shared":false,"jetpack_social_options":{"image_generator_settings":{"template":"highway","default_image_id":0,"font":"","enabled":false},"version":2},"jetpack_post_was_ever_published":false},"categories":[2623],"tags":[2629,2624],"class_list":["post-16279","post","type-post","status-publish","format-standard","hentry","category-anderes","tag-internet","tag-medien"],"jetpack_publicize_connections":[],"jetpack_sharing_enabled":true,"jetpack_shortlink":"https:\/\/wp.me\/p5LJq5-4ez","jetpack_likes_enabled":true,"jetpack_featured_media_url":"","_links":{"self":[{"href":"http:\/\/gestern-nacht-im-taxi.de\/wordpress\/wp-json\/wp\/v2\/posts\/16279","targetHints":{"allow":["GET"]}}],"collection":[{"href":"http:\/\/gestern-nacht-im-taxi.de\/wordpress\/wp-json\/wp\/v2\/posts"}],"about":[{"href":"http:\/\/gestern-nacht-im-taxi.de\/wordpress\/wp-json\/wp\/v2\/types\/post"}],"author":[{"embeddable":true,"href":"http:\/\/gestern-nacht-im-taxi.de\/wordpress\/wp-json\/wp\/v2\/users\/1"}],"replies":[{"embeddable":true,"href":"http:\/\/gestern-nacht-im-taxi.de\/wordpress\/wp-json\/wp\/v2\/comments?post=16279"}],"version-history":[{"count":6,"href":"http:\/\/gestern-nacht-im-taxi.de\/wordpress\/wp-json\/wp\/v2\/posts\/16279\/revisions"}],"predecessor-version":[{"id":16285,"href":"http:\/\/gestern-nacht-im-taxi.de\/wordpress\/wp-json\/wp\/v2\/posts\/16279\/revisions\/16285"}],"wp:attachment":[{"href":"http:\/\/gestern-nacht-im-taxi.de\/wordpress\/wp-json\/wp\/v2\/media?parent=16279"}],"wp:term":[{"taxonomy":"category","embeddable":true,"href":"http:\/\/gestern-nacht-im-taxi.de\/wordpress\/wp-json\/wp\/v2\/categories?post=16279"},{"taxonomy":"post_tag","embeddable":true,"href":"http:\/\/gestern-nacht-im-taxi.de\/wordpress\/wp-json\/wp\/v2\/tags?post=16279"}],"curies":[{"name":"wp","href":"https:\/\/api.w.org\/{rel}","templated":true}]}}