{"id":16031,"date":"2014-07-03T07:12:52","date_gmt":"2014-07-03T05:12:52","guid":{"rendered":"http:\/\/gestern-nacht-im-taxi.de\/wordpress\/?p=16031"},"modified":"2014-07-03T04:42:36","modified_gmt":"2014-07-03T02:42:36","slug":"bisher-am-weitesten-verschaetzt","status":"publish","type":"post","link":"http:\/\/gestern-nacht-im-taxi.de\/wordpress\/2014\/07\/03\/bisher-am-weitesten-verschaetzt\/","title":{"rendered":"Bisher am weitesten versch\u00e4tzt"},"content":{"rendered":"<p style=\"text-align: justify;\">hat sich ein Kunde neulich.<\/p>\n<p style=\"text-align: justify;\">Manchmal hab ich so Leute im Auto, die irgendwie ein komisches Bild von Taxifahrern haben m\u00fcssen. Sie sind verwundert, dass ich mich vern\u00fcnftig artikulieren kann und glauben dann ziemlich schnell, dass ich ja eigentlich kein &#8222;richtiger&#8220; Taxifahrer sei.<\/p>\n<p style=\"text-align: justify;\">Was ein &#8222;richtiger&#8220; Taxifahrer ist, dar\u00fcber l\u00e4sst sich sicher streiten. Aber hey, ich hab mir die M\u00fche gemacht, die Ortskundepr\u00fcfung f\u00fcr Berlin zu machen, kann mich an diesen Aufwand gut erinnern und fahre gerne Leute von A nach B. Selbst wenn ich inzwischen nicht mehr Vollzeit f\u00fcr meine Chefs arbeite, glaube ich durchaus ein &#8222;richtiger&#8220; Taxifahrer zu sein. Und, bei allem Schreiben nebenher: auch darauf bin ich stolz!<br \/>\nEs ist zwar &#8222;nur&#8220; eine Dienstleistung im Niedriglohnsektor, aber wenn man den Job gut machen will, dann fordert er einen auch.<\/p>\n<p style=\"text-align: justify;\">Doch schon des Alters wegen ist die Frage danach, <a title=\"GNIT \u2013 Ich studiere NICHT!\" href=\"http:\/\/gestern-nacht-im-taxi.de\/wordpress\/2009\/07\/07\/ich-studiere-nicht\/\" target=\"_blank\">ob ich nebenher studiere<\/a>, immer noch oft Thema im Auto. Ich antworte inzwischen mit einem Augenzwinkern und sage, dass es noch viel klischeehafter sei und ich nebenher schreibe \u2026<\/p>\n<p style=\"text-align: justify;\">Student grunds\u00e4tzlich ist also eine h\u00e4ufige Zuordnung. Nun aber das:<\/p>\n<p style=\"padding-left: 30px; text-align: justify;\"><em>&#8222;Wow! Jurastudium abgebrochen oder noch dabei!?&#8220;<\/em><\/p>\n<p style=\"text-align: justify;\">Dabei haben die beiden Fahrg\u00e4ste angefangen und mich nach <a title=\"GNIT \u2013 Uber, Taxi-Demos und all das\" href=\"http:\/\/gestern-nacht-im-taxi.de\/wordpress\/2014\/06\/05\/uber-taxi-demos-und-all-das\/\" target=\"_blank\">meiner Meinung zu UberPOP<\/a> gefragt. Da kommt man ohne juristische Fachtermini nicht aus, sorry \u2026 \ud83d\ude09<\/p>\n<p style=\"text-align: justify;\">F\u00fcr mich pers\u00f6nlich kann ich das inzwischen als Wertsch\u00e4tzung akzeptieren und w\u00fcrdigen. Aber wenn ich mich im Kollegenkreis so umsehe: Im Gegensatz zu mir haben die meisten anderen tats\u00e4chlich eine Ausbildung oder ein Studium\u00a0 und meistens ein bisschen Berufserfahrung in ganz anderen Branchen hinter sich. Untersch\u00e4tzt uns Taxler blo\u00df nicht! \ud83d\ude00<\/p>\n<p><img loading=\"lazy\" decoding=\"async\" alt=\"\" src=\"http:\/\/vg05.met.vgwort.de\/na\/21beb593820d458abd9ed018214749d4\" width=\"1\" height=\"1\" \/><\/p>\n<p style=\"text-align: justify;\">PS: Zumindest in Berlin ist Taxifahrer wirklich kein \u00fcblicher Studentenjob mehr. Und zwar \u2013 \u00dcberraschung! \u2013 weil die Anforderungen (Ortskundepr\u00fcfung) so hoch sind, dass sich der Aufwand f\u00fcr zwei oder drei Semester kaum lohnt, da man sich mitunter ein halbes bis ganzes Jahr nur auf den Job vorbereiten muss.<\/p>\n","protected":false},"excerpt":{"rendered":"<p>hat sich ein Kunde neulich. Manchmal hab ich so Leute im Auto, die irgendwie ein komisches Bild von Taxifahrern haben m\u00fcssen. Sie sind verwundert, dass ich mich vern\u00fcnftig artikulieren kann und glauben dann ziemlich schnell, dass ich ja eigentlich kein &#8222;richtiger&#8220; Taxifahrer sei. Was ein &#8222;richtiger&#8220; Taxifahrer ist, dar\u00fcber l\u00e4sst sich sicher streiten. Aber hey, [&hellip;]<\/p>\n","protected":false},"author":1,"featured_media":0,"comment_status":"open","ping_status":"open","sticky":false,"template":"","format":"standard","meta":{"_jetpack_newsletter_access":"","_jetpack_dont_email_post_to_subs":false,"_jetpack_newsletter_tier_id":0,"_jetpack_memberships_contains_paywalled_content":false,"_jetpack_feature_clip_id":0,"_jetpack_memberships_contains_paid_content":false,"footnotes":"","jetpack_publicize_message":"","jetpack_publicize_feature_enabled":true,"jetpack_social_post_already_shared":false,"jetpack_social_options":{"image_generator_settings":{"template":"highway","default_image_id":0,"font":"","enabled":false},"version":2},"jetpack_post_was_ever_published":false},"categories":[10,5,4],"tags":[2633,2619,4156],"class_list":["post-16031","post","type-post","status-publish","format-standard","hentry","category-leben","category-job","category-fahrgast","tag-dreist","tag-lieb","tag-recht"],"jetpack_publicize_connections":[],"jetpack_sharing_enabled":true,"jetpack_shortlink":"https:\/\/wp.me\/p5LJq5-4az","jetpack_likes_enabled":true,"jetpack_featured_media_url":"","_links":{"self":[{"href":"http:\/\/gestern-nacht-im-taxi.de\/wordpress\/wp-json\/wp\/v2\/posts\/16031","targetHints":{"allow":["GET"]}}],"collection":[{"href":"http:\/\/gestern-nacht-im-taxi.de\/wordpress\/wp-json\/wp\/v2\/posts"}],"about":[{"href":"http:\/\/gestern-nacht-im-taxi.de\/wordpress\/wp-json\/wp\/v2\/types\/post"}],"author":[{"embeddable":true,"href":"http:\/\/gestern-nacht-im-taxi.de\/wordpress\/wp-json\/wp\/v2\/users\/1"}],"replies":[{"embeddable":true,"href":"http:\/\/gestern-nacht-im-taxi.de\/wordpress\/wp-json\/wp\/v2\/comments?post=16031"}],"version-history":[{"count":5,"href":"http:\/\/gestern-nacht-im-taxi.de\/wordpress\/wp-json\/wp\/v2\/posts\/16031\/revisions"}],"predecessor-version":[{"id":16035,"href":"http:\/\/gestern-nacht-im-taxi.de\/wordpress\/wp-json\/wp\/v2\/posts\/16031\/revisions\/16035"}],"wp:attachment":[{"href":"http:\/\/gestern-nacht-im-taxi.de\/wordpress\/wp-json\/wp\/v2\/media?parent=16031"}],"wp:term":[{"taxonomy":"category","embeddable":true,"href":"http:\/\/gestern-nacht-im-taxi.de\/wordpress\/wp-json\/wp\/v2\/categories?post=16031"},{"taxonomy":"post_tag","embeddable":true,"href":"http:\/\/gestern-nacht-im-taxi.de\/wordpress\/wp-json\/wp\/v2\/tags?post=16031"}],"curies":[{"name":"wp","href":"https:\/\/api.w.org\/{rel}","templated":true}]}}