{"id":1598,"date":"2008-05-03T03:46:44","date_gmt":"2008-05-03T01:46:44","guid":{"rendered":"http:\/\/www.sashs-blog.de\/wordpress\/?p=1598"},"modified":"2012-11-01T04:52:43","modified_gmt":"2012-11-01T02:52:43","slug":"die-absurdesten-eselsbrucken-5","status":"publish","type":"post","link":"http:\/\/gestern-nacht-im-taxi.de\/wordpress\/2008\/05\/03\/die-absurdesten-eselsbrucken-5\/","title":{"rendered":"Die absurdesten Eselsbr\u00fccken (5)"},"content":{"rendered":"<p style=\"text-align: justify;\">So, heute war ich mal wieder heftig am Lernen (muss ja), und habe lange Zeit damit k\u00e4mpfen m\u00fcssen, dass ich mir einfach nicht merken konnte, wo sich die Pressekonferenz befindet (Reinhardstr. oder Schiffbauerdamm). Nun, dazu hab ich keine echte Eselsbr\u00fccke gefunden, aber seit ich weiss, dass die FDP mit ihrer Bundesgesch\u00e4ftsstelle auch in der Reinhardstra\u00dfe residieren, kann ich mir das merken. Liegt wahrscheinlich am Verh\u00e4ltnis der FDP zur Presse. Ich meine, wenn eine Partei mit Null-Info an die \u00d6ffentlichkeit geht&#8230; dann ja wohl die FDP, oder?<br \/>\nNaja, zusammen kann ich mir das erstaunlich gut merken.<\/p>\n","protected":false},"excerpt":{"rendered":"<p>So, heute war ich mal wieder heftig am Lernen (muss ja), und habe lange Zeit damit k\u00e4mpfen m\u00fcssen, dass ich mir einfach nicht merken konnte, wo sich die Pressekonferenz befindet (Reinhardstr. oder Schiffbauerdamm). Nun, dazu hab ich keine echte Eselsbr\u00fccke gefunden, aber seit ich weiss, dass die FDP mit ihrer Bundesgesch\u00e4ftsstelle auch in der Reinhardstra\u00dfe [&hellip;]<\/p>\n","protected":false},"author":1,"featured_media":0,"comment_status":"open","ping_status":"open","sticky":false,"template":"","format":"standard","meta":{"_jetpack_newsletter_access":"","_jetpack_dont_email_post_to_subs":false,"_jetpack_newsletter_tier_id":0,"_jetpack_memberships_contains_paywalled_content":false,"_jetpack_feature_clip_id":0,"_jetpack_memberships_contains_paid_content":false,"footnotes":"","jetpack_publicize_message":"","jetpack_publicize_feature_enabled":true,"jetpack_social_post_already_shared":false,"jetpack_social_options":{"image_generator_settings":{"template":"highway","default_image_id":0,"font":"","enabled":false},"version":2},"jetpack_post_was_ever_published":false},"categories":[9],"tags":[],"class_list":["post-1598","post","type-post","status-publish","format-standard","hentry","category-ausbildung"],"jetpack_publicize_connections":[],"jetpack_sharing_enabled":true,"jetpack_shortlink":"https:\/\/wp.me\/p5LJq5-pM","jetpack_likes_enabled":true,"jetpack_featured_media_url":"","_links":{"self":[{"href":"http:\/\/gestern-nacht-im-taxi.de\/wordpress\/wp-json\/wp\/v2\/posts\/1598","targetHints":{"allow":["GET"]}}],"collection":[{"href":"http:\/\/gestern-nacht-im-taxi.de\/wordpress\/wp-json\/wp\/v2\/posts"}],"about":[{"href":"http:\/\/gestern-nacht-im-taxi.de\/wordpress\/wp-json\/wp\/v2\/types\/post"}],"author":[{"embeddable":true,"href":"http:\/\/gestern-nacht-im-taxi.de\/wordpress\/wp-json\/wp\/v2\/users\/1"}],"replies":[{"embeddable":true,"href":"http:\/\/gestern-nacht-im-taxi.de\/wordpress\/wp-json\/wp\/v2\/comments?post=1598"}],"version-history":[{"count":1,"href":"http:\/\/gestern-nacht-im-taxi.de\/wordpress\/wp-json\/wp\/v2\/posts\/1598\/revisions"}],"predecessor-version":[{"id":12246,"href":"http:\/\/gestern-nacht-im-taxi.de\/wordpress\/wp-json\/wp\/v2\/posts\/1598\/revisions\/12246"}],"wp:attachment":[{"href":"http:\/\/gestern-nacht-im-taxi.de\/wordpress\/wp-json\/wp\/v2\/media?parent=1598"}],"wp:term":[{"taxonomy":"category","embeddable":true,"href":"http:\/\/gestern-nacht-im-taxi.de\/wordpress\/wp-json\/wp\/v2\/categories?post=1598"},{"taxonomy":"post_tag","embeddable":true,"href":"http:\/\/gestern-nacht-im-taxi.de\/wordpress\/wp-json\/wp\/v2\/tags?post=1598"}],"curies":[{"name":"wp","href":"https:\/\/api.w.org\/{rel}","templated":true}]}}