{"id":15918,"date":"2014-06-17T07:22:42","date_gmt":"2014-06-17T05:22:42","guid":{"rendered":"http:\/\/gestern-nacht-im-taxi.de\/wordpress\/?p=15918"},"modified":"2014-06-17T03:58:09","modified_gmt":"2014-06-17T01:58:09","slug":"der-weitsicht-sonderpreis","status":"publish","type":"post","link":"http:\/\/gestern-nacht-im-taxi.de\/wordpress\/2014\/06\/17\/der-weitsicht-sonderpreis\/","title":{"rendered":"Der Weitsicht-Sonderpreis"},"content":{"rendered":"<p style=\"text-align: justify;\">\u2026 geht diesen Monat an einen Kollegen. Nicht einen der hellsten, daf\u00fcr einen der lautesten.<\/p>\n<p style=\"text-align: justify;\">Wir kamen am Stand ins Gespr\u00e4ch, ich nur eher so mittelfreiwillig. Am Ende waren wir beim Thema Mindestlohn, das so langsam wirklich bedrohlich auf die Taxibranche zurollt. Dass Firmen deswegen pleite gehen k\u00f6nnten und das Angebot sinkt, war f\u00fcr ihn keine Option. Nein, die Tarife m\u00fcssen erh\u00f6ht werden!<\/p>\n<p style=\"padding-left: 30px; text-align: justify;\"><em>&#8222;\u00c4h, um 30%?&#8220;<\/em><\/p>\n<p style=\"padding-left: 30px; text-align: justify;\"><em>&#8222;Nee, aber so ungef\u00e4hr 20 vielleicht.&#8220;<\/em><\/p>\n<p style=\"padding-left: 30px; text-align: justify;\"><em>&#8222;Aber dann reicht das ja gar nicht aus \u2026&#8220;<\/em><\/p>\n<p style=\"padding-left: 30px; text-align: justify;\"><em>&#8222;Mir egal, bis dahin will ich mich eh selbst\u00e4ndig gemacht haben.&#8220;<\/em><\/p>\n<p style=\"text-align: justify;\">-.-<\/p>\n","protected":false},"excerpt":{"rendered":"<p>\u2026 geht diesen Monat an einen Kollegen. Nicht einen der hellsten, daf\u00fcr einen der lautesten. Wir kamen am Stand ins Gespr\u00e4ch, ich nur eher so mittelfreiwillig. Am Ende waren wir beim Thema Mindestlohn, das so langsam wirklich bedrohlich auf die Taxibranche zurollt. Dass Firmen deswegen pleite gehen k\u00f6nnten und das Angebot sinkt, war f\u00fcr ihn [&hellip;]<\/p>\n","protected":false},"author":1,"featured_media":0,"comment_status":"open","ping_status":"open","sticky":false,"template":"","format":"standard","meta":{"_jetpack_newsletter_access":"","_jetpack_dont_email_post_to_subs":false,"_jetpack_newsletter_tier_id":0,"_jetpack_memberships_contains_paywalled_content":false,"_jetpack_feature_clip_id":0,"_jetpack_memberships_contains_paid_content":false,"footnotes":"","jetpack_publicize_message":"","jetpack_publicize_feature_enabled":true,"jetpack_social_post_already_shared":false,"jetpack_social_options":{"image_generator_settings":{"template":"highway","default_image_id":0,"font":"","enabled":false},"version":2},"jetpack_post_was_ever_published":false},"categories":[23,5,8],"tags":[3675,4156,4505],"class_list":["post-15918","post","type-post","status-publish","format-standard","hentry","category-andere","category-job","category-kollegen","tag-kollegen-2","tag-recht","tag-tarif"],"jetpack_publicize_connections":[],"jetpack_sharing_enabled":true,"jetpack_shortlink":"https:\/\/wp.me\/p5LJq5-48K","jetpack_likes_enabled":true,"jetpack_featured_media_url":"","_links":{"self":[{"href":"http:\/\/gestern-nacht-im-taxi.de\/wordpress\/wp-json\/wp\/v2\/posts\/15918","targetHints":{"allow":["GET"]}}],"collection":[{"href":"http:\/\/gestern-nacht-im-taxi.de\/wordpress\/wp-json\/wp\/v2\/posts"}],"about":[{"href":"http:\/\/gestern-nacht-im-taxi.de\/wordpress\/wp-json\/wp\/v2\/types\/post"}],"author":[{"embeddable":true,"href":"http:\/\/gestern-nacht-im-taxi.de\/wordpress\/wp-json\/wp\/v2\/users\/1"}],"replies":[{"embeddable":true,"href":"http:\/\/gestern-nacht-im-taxi.de\/wordpress\/wp-json\/wp\/v2\/comments?post=15918"}],"version-history":[{"count":1,"href":"http:\/\/gestern-nacht-im-taxi.de\/wordpress\/wp-json\/wp\/v2\/posts\/15918\/revisions"}],"predecessor-version":[{"id":15919,"href":"http:\/\/gestern-nacht-im-taxi.de\/wordpress\/wp-json\/wp\/v2\/posts\/15918\/revisions\/15919"}],"wp:attachment":[{"href":"http:\/\/gestern-nacht-im-taxi.de\/wordpress\/wp-json\/wp\/v2\/media?parent=15918"}],"wp:term":[{"taxonomy":"category","embeddable":true,"href":"http:\/\/gestern-nacht-im-taxi.de\/wordpress\/wp-json\/wp\/v2\/categories?post=15918"},{"taxonomy":"post_tag","embeddable":true,"href":"http:\/\/gestern-nacht-im-taxi.de\/wordpress\/wp-json\/wp\/v2\/tags?post=15918"}],"curies":[{"name":"wp","href":"https:\/\/api.w.org\/{rel}","templated":true}]}}