{"id":15819,"date":"2014-06-02T14:52:05","date_gmt":"2014-06-02T12:52:05","guid":{"rendered":"http:\/\/gestern-nacht-im-taxi.de\/wordpress\/?p=15819"},"modified":"2014-06-02T05:02:27","modified_gmt":"2014-06-02T03:02:27","slug":"festlich","status":"publish","type":"post","link":"http:\/\/gestern-nacht-im-taxi.de\/wordpress\/2014\/06\/02\/festlich\/","title":{"rendered":"Festlich"},"content":{"rendered":"<p style=\"text-align: justify;\">Wo wir es gestern erst <a title=\"GNIT \u2013 Kleinere Sch\u00f6nheitsfehler\" href=\"http:\/\/gestern-nacht-im-taxi.de\/wordpress\/2014\/06\/01\/kleinere-schoenheitsfehler\/\" target=\"_blank\">vom Zustand des Autos<\/a> hatten und Weihnachten nur noch ein halbes Jahr weit weg ist, hat die kleine 72 beschlossen, das Display ein bisschen festlicher zu gestalten und mehr Fehlermeldungen als \u00fcblich anzuzeigen:<\/p>\n<p style=\"text-align: justify;\"><img loading=\"lazy\" decoding=\"async\" class=\"aligncenter size-full wp-image-15820\" alt=\"I2014-06-warnleuchten\" src=\"http:\/\/gestern-nacht-im-taxi.de\/wordpress\/wp-content\/uploads\/2014\/06\/I2014-06-warnleuchten.jpg\" width=\"635\" height=\"332\" srcset=\"http:\/\/gestern-nacht-im-taxi.de\/wordpress\/wp-content\/uploads\/2014\/06\/I2014-06-warnleuchten.jpg 635w, http:\/\/gestern-nacht-im-taxi.de\/wordpress\/wp-content\/uploads\/2014\/06\/I2014-06-warnleuchten-300x156.jpg 300w\" sizes=\"auto, (max-width: 635px) 100vw, 635px\" \/><\/p>\n<p style=\"text-align: justify;\">Gut, dass ich am Stand die Handbremse angezogen habe und \u2013 am Sisyphos steht man auf offener Stra\u00dfe \u2013 zu meiner Sicherheit das Licht angelassen habe, ist normal. Weniger erwartbar, aber ebenfalls normal ist die Abgaswarnleuchte. Die k\u00fcndigt zwar manchmal wirklich heftige Sch\u00e4den an, im fortgeschrittenen Alter, so mein Chef, w\u00fcrde die aber bei allen Opel Zafira brennen, auch wenn die Mechaniker nix und wieder nix finden. Ich pers\u00f6nlich tippe ja auf sowas wie einen verschmandeten Messf\u00fchler, aber ich bin kein Techniker. Hat man halt ein Warnsignal weniger.<\/p>\n<p style=\"text-align: justify;\">Das jetzt aber auch noch ABS- und ESP-Warnleuchten angehen, stand so nicht im Dienstplan. Da werde ich Cheffe mal in Kenntnis setzen heute. Am Auto bemerkt habe ich nichts, sonst h\u00e4tte ich danach nicht noch 40 weitere Kilometer runtergerissen. Bin mal gespannt, was die Werkstatt sagt.<\/p>\n<p style=\"text-align: justify;\">Wie gesagt: die 72 kommt auch so langsam in ein Alter, in dem die Besuche dort h\u00e4ufiger werden. Aber den Kilometerstand sieht man auf dem Bild ja auch recht gut \u2026<\/p>\n","protected":false},"excerpt":{"rendered":"<p>Wo wir es gestern erst vom Zustand des Autos hatten und Weihnachten nur noch ein halbes Jahr weit weg ist, hat die kleine 72 beschlossen, das Display ein bisschen festlicher zu gestalten und mehr Fehlermeldungen als \u00fcblich anzuzeigen: Gut, dass ich am Stand die Handbremse angezogen habe und \u2013 am Sisyphos steht man auf offener [&hellip;]<\/p>\n","protected":false},"author":1,"featured_media":0,"comment_status":"open","ping_status":"open","sticky":false,"template":"","format":"standard","meta":{"_jetpack_newsletter_access":"","_jetpack_dont_email_post_to_subs":false,"_jetpack_newsletter_tier_id":0,"_jetpack_memberships_contains_paywalled_content":false,"_jetpack_feature_clip_id":0,"_jetpack_memberships_contains_paid_content":false,"footnotes":"","jetpack_publicize_message":"","jetpack_publicize_feature_enabled":true,"jetpack_social_post_already_shared":false,"jetpack_social_options":{"image_generator_settings":{"template":"highway","default_image_id":0,"font":"","enabled":false},"version":2},"jetpack_post_was_ever_published":false},"categories":[15,6],"tags":[4925,2649,2626],"class_list":["post-15819","post","type-post","status-publish","format-standard","hentry","category-auto","category-arbeitsmittel","tag-4925","tag-bebildert","tag-defekt"],"jetpack_publicize_connections":[],"jetpack_sharing_enabled":true,"jetpack_shortlink":"https:\/\/wp.me\/s5LJq5-festlich","jetpack_likes_enabled":true,"jetpack_featured_media_url":"","_links":{"self":[{"href":"http:\/\/gestern-nacht-im-taxi.de\/wordpress\/wp-json\/wp\/v2\/posts\/15819","targetHints":{"allow":["GET"]}}],"collection":[{"href":"http:\/\/gestern-nacht-im-taxi.de\/wordpress\/wp-json\/wp\/v2\/posts"}],"about":[{"href":"http:\/\/gestern-nacht-im-taxi.de\/wordpress\/wp-json\/wp\/v2\/types\/post"}],"author":[{"embeddable":true,"href":"http:\/\/gestern-nacht-im-taxi.de\/wordpress\/wp-json\/wp\/v2\/users\/1"}],"replies":[{"embeddable":true,"href":"http:\/\/gestern-nacht-im-taxi.de\/wordpress\/wp-json\/wp\/v2\/comments?post=15819"}],"version-history":[{"count":2,"href":"http:\/\/gestern-nacht-im-taxi.de\/wordpress\/wp-json\/wp\/v2\/posts\/15819\/revisions"}],"predecessor-version":[{"id":15822,"href":"http:\/\/gestern-nacht-im-taxi.de\/wordpress\/wp-json\/wp\/v2\/posts\/15819\/revisions\/15822"}],"wp:attachment":[{"href":"http:\/\/gestern-nacht-im-taxi.de\/wordpress\/wp-json\/wp\/v2\/media?parent=15819"}],"wp:term":[{"taxonomy":"category","embeddable":true,"href":"http:\/\/gestern-nacht-im-taxi.de\/wordpress\/wp-json\/wp\/v2\/categories?post=15819"},{"taxonomy":"post_tag","embeddable":true,"href":"http:\/\/gestern-nacht-im-taxi.de\/wordpress\/wp-json\/wp\/v2\/tags?post=15819"}],"curies":[{"name":"wp","href":"https:\/\/api.w.org\/{rel}","templated":true}]}}