{"id":15781,"date":"2014-05-23T17:54:18","date_gmt":"2014-05-23T15:54:18","guid":{"rendered":"http:\/\/gestern-nacht-im-taxi.de\/wordpress\/?p=15781"},"modified":"2014-05-23T18:27:39","modified_gmt":"2014-05-23T16:27:39","slug":"fehler-scheibe-nicht-gefunden","status":"publish","type":"post","link":"http:\/\/gestern-nacht-im-taxi.de\/wordpress\/2014\/05\/23\/fehler-scheibe-nicht-gefunden\/","title":{"rendered":"Fehler: Scheibe nicht gefunden!"},"content":{"rendered":"<p style=\"text-align: justify;\">So, in zwei Stunden startet die neue Arbeits-&#8222;Woche&#8220;. Eigentlich h\u00e4tte ich ja gestern schon wieder auf die Stra\u00dfe gewollt, aber es kam mal wieder was dazwischen. W\u00e4hrend ich schon frisch geduscht und fast bereit zum Losgehen war, klingelte gestern das Telefon und mein Chef teilte mir \u2013 f\u00fcr die Umst\u00e4nde ungewohnt heiter \u2013 mit, dass ich auf ein anderes Auto ausweichen m\u00fcsste. Wer jetzt gleich mit den Augen rollt und sich fragt, was die alte M\u00f6hre nun wieder hat, dem sei gesagt, dass die 72 dieses Mal nix f\u00fcr kann.<\/p>\n<p style=\"text-align: justify;\">Offenbar waren mein Tagfahrer und ein Radfahrer dergestalt im Verkehr aneinandergeraten, dass &#8222;friedlich&#8220; nicht mehr das Wort der Wahl w\u00e4re. Ohne jetzt n\u00e4here Details zu kennen: eines scheint sicher zu sein: zu guter Letzt schlug der aufgebrachte Kontrahent meinem kleinen Taxi derart heftig auf die Frontscheibe, dass diese gesprungen ist. Nicht gleich aus der Fassung zwar, aber eben ausreichend, um einen Reparaturbedarf geltend zu machen. Hmm.<\/p>\n<p style=\"text-align: justify;\">Einen Ersatzwagen h\u00e4tte ich bekommen, aber wie die meisten von Euch wissen, sind das f\u00fcr mich, ingesamt, Hin- und Zur\u00fcck, knappe anderthalb Stunden mehr Arbeitsweg. Und der Donnerstag ist eine halbe Schicht, die ich selten auf mehr als 5 Stunden ausdehne. Also hab ich abgelehnt und starte dann eben heute \u2013 wieder mit der 72 \u2013 ins Nachtleben. Muss jetzt halt entsprechend ein paar Euro mehr einfahren. Dr\u00fcckt mir die Daumen, dass der Schwan zusammenkommt! \ud83d\ude42<\/p>\n","protected":false},"excerpt":{"rendered":"<p>So, in zwei Stunden startet die neue Arbeits-&#8222;Woche&#8220;. Eigentlich h\u00e4tte ich ja gestern schon wieder auf die Stra\u00dfe gewollt, aber es kam mal wieder was dazwischen. W\u00e4hrend ich schon frisch geduscht und fast bereit zum Losgehen war, klingelte gestern das Telefon und mein Chef teilte mir \u2013 f\u00fcr die Umst\u00e4nde ungewohnt heiter \u2013 mit, dass [&hellip;]<\/p>\n","protected":false},"author":1,"featured_media":0,"comment_status":"open","ping_status":"open","sticky":false,"template":"","format":"standard","meta":{"_jetpack_newsletter_access":"","_jetpack_dont_email_post_to_subs":false,"_jetpack_newsletter_tier_id":0,"_jetpack_memberships_contains_paywalled_content":false,"_jetpack_feature_clip_id":0,"_jetpack_memberships_contains_paid_content":false,"footnotes":"","jetpack_publicize_message":"","jetpack_publicize_feature_enabled":true,"jetpack_social_post_already_shared":false,"jetpack_social_options":{"image_generator_settings":{"template":"highway","default_image_id":0,"font":"","enabled":false},"version":2},"jetpack_post_was_ever_published":false},"categories":[22,15,10,11,5,7,6,8,14,13],"tags":[4925,3032,3674,2647,4244,2657,2640],"class_list":["post-15781","post","type-post","status-publish","format-standard","hentry","category-angenehme","category-auto","category-leben","category-chef","category-job","category-verkehr","category-arbeitsmittel","category-kollegen","category-kuppler","category-strampler","tag-4925","tag-chef-2","tag-kollege","tag-pech","tag-schicht","tag-unfall","tag-unsinnig"],"jetpack_publicize_connections":[],"jetpack_sharing_enabled":true,"jetpack_shortlink":"https:\/\/wp.me\/p5LJq5-46x","jetpack_likes_enabled":true,"jetpack_featured_media_url":"","_links":{"self":[{"href":"http:\/\/gestern-nacht-im-taxi.de\/wordpress\/wp-json\/wp\/v2\/posts\/15781","targetHints":{"allow":["GET"]}}],"collection":[{"href":"http:\/\/gestern-nacht-im-taxi.de\/wordpress\/wp-json\/wp\/v2\/posts"}],"about":[{"href":"http:\/\/gestern-nacht-im-taxi.de\/wordpress\/wp-json\/wp\/v2\/types\/post"}],"author":[{"embeddable":true,"href":"http:\/\/gestern-nacht-im-taxi.de\/wordpress\/wp-json\/wp\/v2\/users\/1"}],"replies":[{"embeddable":true,"href":"http:\/\/gestern-nacht-im-taxi.de\/wordpress\/wp-json\/wp\/v2\/comments?post=15781"}],"version-history":[{"count":3,"href":"http:\/\/gestern-nacht-im-taxi.de\/wordpress\/wp-json\/wp\/v2\/posts\/15781\/revisions"}],"predecessor-version":[{"id":15784,"href":"http:\/\/gestern-nacht-im-taxi.de\/wordpress\/wp-json\/wp\/v2\/posts\/15781\/revisions\/15784"}],"wp:attachment":[{"href":"http:\/\/gestern-nacht-im-taxi.de\/wordpress\/wp-json\/wp\/v2\/media?parent=15781"}],"wp:term":[{"taxonomy":"category","embeddable":true,"href":"http:\/\/gestern-nacht-im-taxi.de\/wordpress\/wp-json\/wp\/v2\/categories?post=15781"},{"taxonomy":"post_tag","embeddable":true,"href":"http:\/\/gestern-nacht-im-taxi.de\/wordpress\/wp-json\/wp\/v2\/tags?post=15781"}],"curies":[{"name":"wp","href":"https:\/\/api.w.org\/{rel}","templated":true}]}}