{"id":14388,"date":"2013-09-15T06:31:15","date_gmt":"2013-09-15T04:31:15","guid":{"rendered":"http:\/\/gestern-nacht-im-taxi.de\/wordpress\/?p=14388"},"modified":"2013-09-15T06:31:15","modified_gmt":"2013-09-15T04:31:15","slug":"special-berlin-music","status":"publish","type":"post","link":"http:\/\/gestern-nacht-im-taxi.de\/wordpress\/2013\/09\/15\/special-berlin-music\/","title":{"rendered":"&#8222;Special Berlin Music&#8220;"},"content":{"rendered":"<p style=\"text-align: justify;\">Das hatte mein Fahrgast angek\u00fcndigt. Er sa\u00df mit seinem Kumpel bereits seit rund 5 Minuten auf der R\u00fcckbank, im Kofferraum stand ein Kasten Sternburg \u2013 und nun ging es pl\u00f6tzlich um Musik. Davor hatten wir es \u00fcber mich, wie lange ich in Berlin bin, dass sie aus England zu Besuch sind und jetzt Party machen, das \u00dcbliche.<\/p>\n<p style=\"padding-left: 30px; text-align: justify;\"><em>&#8222;I brought some special Berlin Music&#8220;<\/em><\/p>\n<p style=\"text-align: justify;\">hat er verk\u00fcndet.<\/p>\n<p style=\"padding-left: 30px; text-align: justify;\"><em>&#8222;But it&#8217;s ok for Stuttgart too!&#8220;<\/em>,<\/p>\n<p style=\"text-align: justify;\">wandte er sich explizit an mich. Ich glaube, \u00e4hnlich wie sein Freund habe ich sparsam geguckt. Er konnte es bei mir wenigstens nicht sehen. Was sollte schon kommen? Der neueste \u00dcber-Remix irgendwelcher Berghain-DJ&#8217;s oder so? Berlin ist Elektro-Hauptstadt, aber damit kann man mich jetzt nicht hinterm Ofen vorlocken, das ist einfach nicht meine Lieblingsmusik.<\/p>\n<p style=\"text-align: justify;\">Mein Fahrgast fummelte ein wenig an seinem Handy rum und dann dudelt da doch tats\u00e4chlich Rio Reisers Stimme in f\u00fcrchterlicher Qualit\u00e4t durchs Taxi. &#8222;Rauch-Haus-Song&#8220; von den Scherben, hat inzwischen 41 Jahre auf dem Buckel, ist aber nat\u00fcrlich auch jedem sp\u00e4ter geborenen irgendwie links sozialisierten Menschen irgendwann im Leben mal begegnet. Dass mir das Lied bekannt war, hat f\u00fcr Freude und erneutes Genestel am Telefon gesorgt. Der offenbar in Deutsch nicht sehr bewanderte zweite Fahrgast lachte indes, ich glaube, er hielt das f\u00fcr einen Witz.<\/p>\n<p style=\"text-align: justify;\">Dass als n\u00e4chstes die ersten Akkorde von &#8222;Schrei nach Liebe&#8220; der \u00c4rzte zu h\u00f6ren waren, \u00fcberraschte mich nach DEM Einstieg auch nicht mehr sonderlich. Trotzdem coole Geschichte. Manche Fahrg\u00e4ste hab ich zugegeben dann doch ein bisschen lieber als andere. \ud83d\ude42<\/p>\n","protected":false},"excerpt":{"rendered":"<p>Das hatte mein Fahrgast angek\u00fcndigt. Er sa\u00df mit seinem Kumpel bereits seit rund 5 Minuten auf der R\u00fcckbank, im Kofferraum stand ein Kasten Sternburg \u2013 und nun ging es pl\u00f6tzlich um Musik. Davor hatten wir es \u00fcber mich, wie lange ich in Berlin bin, dass sie aus England zu Besuch sind und jetzt Party machen, [&hellip;]<\/p>\n","protected":false},"author":1,"featured_media":0,"comment_status":"open","ping_status":"open","sticky":false,"template":"","format":"standard","meta":{"_jetpack_newsletter_access":"","_jetpack_dont_email_post_to_subs":false,"_jetpack_newsletter_tier_id":0,"_jetpack_memberships_contains_paywalled_content":false,"_jetpack_feature_clip_id":0,"_jetpack_memberships_contains_paid_content":false,"footnotes":"","jetpack_publicize_message":"","jetpack_publicize_feature_enabled":true,"jetpack_social_post_already_shared":false,"jetpack_social_options":{"image_generator_settings":{"template":"highway","default_image_id":0,"font":"","enabled":false},"version":2},"jetpack_post_was_ever_published":false},"categories":[4],"tags":[2646,2619,2658,2631],"class_list":["post-14388","post","type-post","status-publish","format-standard","hentry","category-fahrgast","tag-gluck","tag-lieb","tag-musikalisch","tag-winker"],"jetpack_publicize_connections":[],"jetpack_sharing_enabled":true,"jetpack_shortlink":"https:\/\/wp.me\/p5LJq5-3K4","jetpack_likes_enabled":true,"jetpack_featured_media_url":"","_links":{"self":[{"href":"http:\/\/gestern-nacht-im-taxi.de\/wordpress\/wp-json\/wp\/v2\/posts\/14388","targetHints":{"allow":["GET"]}}],"collection":[{"href":"http:\/\/gestern-nacht-im-taxi.de\/wordpress\/wp-json\/wp\/v2\/posts"}],"about":[{"href":"http:\/\/gestern-nacht-im-taxi.de\/wordpress\/wp-json\/wp\/v2\/types\/post"}],"author":[{"embeddable":true,"href":"http:\/\/gestern-nacht-im-taxi.de\/wordpress\/wp-json\/wp\/v2\/users\/1"}],"replies":[{"embeddable":true,"href":"http:\/\/gestern-nacht-im-taxi.de\/wordpress\/wp-json\/wp\/v2\/comments?post=14388"}],"version-history":[{"count":2,"href":"http:\/\/gestern-nacht-im-taxi.de\/wordpress\/wp-json\/wp\/v2\/posts\/14388\/revisions"}],"predecessor-version":[{"id":14390,"href":"http:\/\/gestern-nacht-im-taxi.de\/wordpress\/wp-json\/wp\/v2\/posts\/14388\/revisions\/14390"}],"wp:attachment":[{"href":"http:\/\/gestern-nacht-im-taxi.de\/wordpress\/wp-json\/wp\/v2\/media?parent=14388"}],"wp:term":[{"taxonomy":"category","embeddable":true,"href":"http:\/\/gestern-nacht-im-taxi.de\/wordpress\/wp-json\/wp\/v2\/categories?post=14388"},{"taxonomy":"post_tag","embeddable":true,"href":"http:\/\/gestern-nacht-im-taxi.de\/wordpress\/wp-json\/wp\/v2\/tags?post=14388"}],"curies":[{"name":"wp","href":"https:\/\/api.w.org\/{rel}","templated":true}]}}