{"id":14315,"date":"2013-09-09T07:35:25","date_gmt":"2013-09-09T05:35:25","guid":{"rendered":"http:\/\/gestern-nacht-im-taxi.de\/wordpress\/?p=14315"},"modified":"2013-09-09T05:21:07","modified_gmt":"2013-09-09T03:21:07","slug":"zu-viel-verkehrsberuhigung","status":"publish","type":"post","link":"http:\/\/gestern-nacht-im-taxi.de\/wordpress\/2013\/09\/09\/zu-viel-verkehrsberuhigung\/","title":{"rendered":"Zu viel Verkehrsberuhigung?"},"content":{"rendered":"<p style=\"text-align: justify;\">Das mit der Verkehrsberuhigung ist so eine Sache. Eine eigentlich eindeutige: Wenn sie funktionieren soll, dann muss sie Autofahrer st\u00f6ren. Meine eigene Bequemlichkeit als Autofahrer mal zum Ma\u00df erkl\u00e4rend kann ich das unterschreiben. Ich bin zwar kein Raser, aber nat\u00fcrlich bremse ich ungern unn\u00f6tig. Und, um ehrlich zu sein: Ich teste auch gerne manchmal, was m\u00f6glich ist.<\/p>\n<p style=\"text-align: justify;\">Die in der Bouch\u00e9stra\u00dfe ausgelegten Holperschwellen zum Beispiel: Die sind zwar fies, weil ich da mit meinem Opel Zafira bei 30 km\/h ziemlich derbe Schl\u00e4ge kassiere, die dem Auto sicher nicht gut tun. Also bremse ich ab und rolle im Schritttempo dr\u00fcber? Muss ich pers\u00f6nlich \u2013 obwohl sonst gerne vorbildlich \u2013 leider verneinen. Wenn es drei Uhr morgens ist, kein Mensch auf der Stra\u00dfe und keine Kundschaft im Auto, dann fahr&#8216; ich da einfach 45 km\/h. Das ist zwar nicht legal, funktioniert dank der Tr\u00e4gheit aller beteiligten Fahrzeugkomponenten aber so super, dass ich es mir nur schwer verkneifen kann. Denn dann merke ich von den Schwellen gar nix mehr und komme auch noch schnell voran \u2026<br \/>\nIst jetzt halt nicht gerade das, was die Leute sich dort beim Bau gedacht haben, das ist mir schon klar. \ud83d\ude09<\/p>\n<p style=\"text-align: justify;\">Da sind die deutlich h\u00f6heren Schwellen am Lausitzer Platz schon besser. Ja, sie nerven wirklich extrem \u2013 aber daf\u00fcr fahre ich dort halt entweder extrem langsam oder \u2013 sicher noch besser f\u00fcr die Anwohner \u2013 vermeide die Durchfahrt nach M\u00f6glichkeit.<\/p>\n<p style=\"text-align: justify;\">Letzteres scheint im Wedding irgendwie geplant zu sein. Die dort verteilten erh\u00f6hten Steinplatten (die hatten doch auch so eine sch\u00f6ne Eigenbezeichnung: &#8222;Weddinger Kissen&#8220; oder so \u2026) erf\u00fcllen \u00fcberwiegend ihren Zweck, vereinzelt allerdings schie\u00dfen sie ein bisschen \u00fcbers Ziel hinaus. In der Utrechter Stra\u00dfe z.B. komme ich \u00f6fter mal vorbei \u2013 berufsbedingt halbwegs notwendigerweise \u2013 und da setzte die 1925 bislang immer mit der Schnauze auf. Selbst wenn ich nur alleine im Auto war und sehr langsam fuhr.<br \/>\nDas ist nicht schlimm, es geht hier nur um eine Gummilippe unterhalb der Sto\u00dfstange, wirklich zu Schaden kam dabei nix. Aber mein Auto ist nun wirklich recht gel\u00e4ndetauglich gewesen von der Bauform her. Die \u00dcberh\u00e4nge hatten eine moderate L\u00e4nge und der Zafira lag auch nicht wirklich tief auf der Stra\u00dfe. Mit anderen Worten: Wenn ICH da schon an die Grenze kam, dann ist die Stra\u00dfe f\u00fcr wahrscheinlich einen Gro\u00dfteil der anderen Fahrer da drau\u00dfen nicht befahrbar.<\/p>\n<p style=\"text-align: justify;\">Wenn DAS das Ziel ist, dann macht man das richtig! Man k\u00f6nnte dort eine Fu\u00dfg\u00e4ngerzone oder eine reine Fahrradstra\u00dfe einrichten. Die Stra\u00dfe ist ohnehin zu klein, um wirklich wichtig zu sein. Aber was f\u00fcr einen Sinn gibt es bitte, eine Stra\u00dfe f\u00fcr Tempo 30 freizugeben, wenn sich jeder zweite dort das Auto besch\u00e4digt? Ich als Ortskundiger kann die Stra\u00dfe meiden, mich muss das nicht jucken. Aber wenn ich dort jemanden besuchen wollte und mein Navi w\u00fcrde mir die Route vorschlagen \u2026 na herzlichen Dank auch, Berlin!<\/p>\n<p><img loading=\"lazy\" decoding=\"async\" alt=\"\" src=\"http:\/\/vg01.met.vgwort.de\/na\/fada7bb8e29a4e8495a9245dc88a35ba\" width=\"1\" height=\"1\" \/><\/p>\n","protected":false},"excerpt":{"rendered":"<p>Das mit der Verkehrsberuhigung ist so eine Sache. Eine eigentlich eindeutige: Wenn sie funktionieren soll, dann muss sie Autofahrer st\u00f6ren. Meine eigene Bequemlichkeit als Autofahrer mal zum Ma\u00df erkl\u00e4rend kann ich das unterschreiben. Ich bin zwar kein Raser, aber nat\u00fcrlich bremse ich ungern unn\u00f6tig. Und, um ehrlich zu sein: Ich teste auch gerne manchmal, was [&hellip;]<\/p>\n","protected":false},"author":1,"featured_media":0,"comment_status":"open","ping_status":"open","sticky":false,"template":"","format":"standard","meta":{"_jetpack_newsletter_access":"","_jetpack_dont_email_post_to_subs":false,"_jetpack_newsletter_tier_id":0,"_jetpack_memberships_contains_paywalled_content":false,"_jetpack_feature_clip_id":0,"_jetpack_memberships_contains_paid_content":false,"footnotes":"","jetpack_publicize_message":"","jetpack_publicize_feature_enabled":true,"jetpack_social_post_already_shared":false,"jetpack_social_options":{"image_generator_settings":{"template":"highway","default_image_id":0,"font":"","enabled":false},"version":2},"jetpack_post_was_ever_published":false},"categories":[15,5,7,6,17,14],"tags":[2650,4156,2640],"class_list":["post-14315","post","type-post","status-publish","format-standard","hentry","category-auto","category-job","category-verkehr","category-arbeitsmittel","category-stvo","category-kuppler","tag-2650","tag-recht","tag-unsinnig"],"jetpack_publicize_connections":[],"jetpack_sharing_enabled":true,"jetpack_shortlink":"https:\/\/wp.me\/p5LJq5-3IT","jetpack_likes_enabled":true,"jetpack_featured_media_url":"","_links":{"self":[{"href":"http:\/\/gestern-nacht-im-taxi.de\/wordpress\/wp-json\/wp\/v2\/posts\/14315","targetHints":{"allow":["GET"]}}],"collection":[{"href":"http:\/\/gestern-nacht-im-taxi.de\/wordpress\/wp-json\/wp\/v2\/posts"}],"about":[{"href":"http:\/\/gestern-nacht-im-taxi.de\/wordpress\/wp-json\/wp\/v2\/types\/post"}],"author":[{"embeddable":true,"href":"http:\/\/gestern-nacht-im-taxi.de\/wordpress\/wp-json\/wp\/v2\/users\/1"}],"replies":[{"embeddable":true,"href":"http:\/\/gestern-nacht-im-taxi.de\/wordpress\/wp-json\/wp\/v2\/comments?post=14315"}],"version-history":[{"count":6,"href":"http:\/\/gestern-nacht-im-taxi.de\/wordpress\/wp-json\/wp\/v2\/posts\/14315\/revisions"}],"predecessor-version":[{"id":14317,"href":"http:\/\/gestern-nacht-im-taxi.de\/wordpress\/wp-json\/wp\/v2\/posts\/14315\/revisions\/14317"}],"wp:attachment":[{"href":"http:\/\/gestern-nacht-im-taxi.de\/wordpress\/wp-json\/wp\/v2\/media?parent=14315"}],"wp:term":[{"taxonomy":"category","embeddable":true,"href":"http:\/\/gestern-nacht-im-taxi.de\/wordpress\/wp-json\/wp\/v2\/categories?post=14315"},{"taxonomy":"post_tag","embeddable":true,"href":"http:\/\/gestern-nacht-im-taxi.de\/wordpress\/wp-json\/wp\/v2\/tags?post=14315"}],"curies":[{"name":"wp","href":"https:\/\/api.w.org\/{rel}","templated":true}]}}