{"id":14102,"date":"2013-08-03T14:07:22","date_gmt":"2013-08-03T12:07:22","guid":{"rendered":"http:\/\/gestern-nacht-im-taxi.de\/wordpress\/?p=14102"},"modified":"2013-08-03T16:49:58","modified_gmt":"2013-08-03T14:49:58","slug":"anspruchsvoll","status":"publish","type":"post","link":"http:\/\/gestern-nacht-im-taxi.de\/wordpress\/2013\/08\/03\/anspruchsvoll\/","title":{"rendered":"Anspruchsvoll"},"content":{"rendered":"<p style=\"text-align: justify;\">W\u00e4hrend ich so an der Biermeile vorbeizuckelte, war ich wie immer extrem vorsichtig. Anderthalb Kilometer Bierst\u00e4nde, tausende Betrunkene und ein komplett zugeparkter Seitenstreifen, bei dem jederzeit jemand zwischen den Autos auf die Stra\u00dfe springen k\u00f6nnte \u2013 ist nat\u00fcrlich ein Umsatzgarant, dieses Fest, aber es fordert von Taxi- und allen anderen Autofahrern durchaus einiges an Achtsamkeit.<\/p>\n<p style=\"text-align: justify;\">Vermutlich ist er mir deswegen schon so fr\u00fch aufgefallen. Gute hundert Meter von mir entfernt. W\u00e4hrend ich mit Tempo 30 auf der zweiten Spur in seine Richtung zuckelte, tat er auf der rechten Spur Ausfallschritt um Ausfallschritt, offenbar auf der Suche nach etwas.<\/p>\n<p style=\"padding-left: 30px; text-align: justify;\"><em>&#8222;Nach einem Taxi \u2013 na logo!&#8220;<\/em><\/p>\n<p style=\"text-align: justify;\">Die Schlussfolgerung lag nah, man kennt mit der Zeit ja seine Schweinchen am Gange. Er aber winkte nicht. W\u00e4hrend ich immer n\u00e4her kam, sah ich, dass er ein eher verlebter Typ war. Graues Haar unter einer Military-M\u00fctze, ungepflegter Schnauzbart und ein Shirt, das sichtbar mit Schwei\u00df- und sonstigen Flecken ausgestattet war. Und \u2013 verdammt! \u2013 er suchte auf der Stra\u00dfe was. Aber er lie\u00df mich vorbeifahren.<\/p>\n<p style=\"padding-left: 30px; text-align: justify;\"><em>&#8222;Der wird doch nicht \u2026&#8220;<\/em><\/p>\n<p style=\"text-align: justify;\">Doch, tat er. Kaum, dass ich vorbei war, riss er den Arm hoch, um den etwa 30 Meter hinter mir fahrenden Kollegen in seiner neuen E-Klasse ranzuwinken. Ihr h\u00e4ttet mein Grinsen sehen sollen, als der Kollege beschleunigt hat und an ihm vorbei ist \u2026<\/p>\n<p style=\"text-align: justify;\">Aber gut, mal ganz sachlich:<\/p>\n<p style=\"text-align: justify;\">Ich fahre einen Opel und wir brauchen uns nix vormachen: Der unterscheidet sich in vielerlei Dingen von einer E-Klasse. So eine E-Klasse liegt wesentlich ruhiger auf der Stra\u00dfe, ist weicher gefedert, besitzt mehr Eleganz. Mein Opel hingegen \u2026<br \/>\nEin Kollege hat die Kisten mal &#8222;Kaufmannswagen&#8220; genannt. Und Unrecht hat er damit nicht. Im Gegensatz zu einem Mercedes sind die Fahrzeuge eher spartanisch ausgestattet, sie haben ihre St\u00e4rken anderswo. Im Platzangebot beispielsweise. Und die Anspr\u00fcche der Menschen sind verschieden. Egal, ob Fahrer oder Kunden. Viele fahren lieber Mercedes als Opel, das ist klar. Hat ja auch was. Aber ebenso wie ich den Kollegen ihr Auto nicht neide, weil ich lieber Platz f\u00fcr meinen Kopf hab als Automatikgetriebe, gibt es auch Kunden, die z.B. lieber h\u00f6her sitzen. Trotz freier Taxenwahl kriegen wir alle unsere Fahrg\u00e4ste und ich hab auch ungern Leute im Wagen, die mich permanent vollquatschen, wie schei\u00dfe sie die Kiste finden. Klar nimmt man das zur Kenntnis, wenn man zugunsten eines anderen Wagens verschm\u00e4ht wird, \u00e4rgern tut es mich so gut wie nie.<\/p>\n<p style=\"text-align: justify;\">In dem Fall war ich dann auch eher geh\u00e4ssig, weil der Typ so ramponiert war. Der sah aus wie schon mal gegessen und wieder ausgekotzt und hatte offenbar immer noch Anspr\u00fcche. Darf er haben, klappt halt nicht immer.<br \/>\nIch wei\u00df, manche Kollegen n\u00f6tigen ihren Kunden einiges auf. Auch unter diesem Artikel tauchen sicher wieder die Kommentare auf, die von stinkenden, n\u00f6ligen Taxifahrern in kaputten Autos berichten, die rauchen und nicht mal den M\u00fcll rausr\u00e4umen, der auf der R\u00fcckbank liegt. Schade, dass sowas vorkommt, ehrlich. Aber uns Fahrern geht es nicht besser. Unsere Kundschaft ist mindestens so vielf\u00e4ltig wie die Taxifahrer da drau\u00dfen. Uns steigen Leute ein, die eine Fahne haben, dass es kracht. Dreckige Leute, die Sand und undefinierbare Fettflecken im Auto verteilen. Menschen, die versehentlich der Explosion einer Parfumfabrik beigewohnt haben. Und beim lustigen Repertoire von K\u00f6rperausscheidungen sind wir bei der Aufz\u00e4hlung noch nicht einmal angelangt.<br \/>\nUnd das ist auch erst einmal nicht dramatisch. Ein bisschen albern wird&#8217;s halt da, wenn man von anderen Leuten Dinge erwartet, die man selbst nicht mal im Ansatz einh\u00e4lt.<\/p>\n<p style=\"text-align: justify;\">Der Typ wird noch ein Taxi gefunden haben, sicher sogar einen Mercedes. Das passt schon. Ich hab auch noch Kundschaft gefunden. Drei Jungs, gut einen im Tee, aber nett. Eine Tour f\u00fcr knapp 20 \u20ac, 10% Trinkgeld und das passende Gespr\u00e4ch dazu:<\/p>\n<p style=\"padding-left: 30px; text-align: justify;\"><em>&#8222;Is&#8216; des nich&#8216; total eklig, wenn wir hier alle so nach Alkohol stinken?&#8220;<\/em><\/p>\n<p style=\"text-align: justify;\">Nee Jungs, das ist voll ok. Ich fahr ja auch keine E-Klasse. \ud83d\ude42<\/p>\n<p><img loading=\"lazy\" decoding=\"async\" alt=\"\" src=\"http:\/\/vg07.met.vgwort.de\/na\/2168cb68e06b4534acb6630e7a073254\" width=\"1\" height=\"1\" \/><\/p>\n","protected":false},"excerpt":{"rendered":"<p>W\u00e4hrend ich so an der Biermeile vorbeizuckelte, war ich wie immer extrem vorsichtig. Anderthalb Kilometer Bierst\u00e4nde, tausende Betrunkene und ein komplett zugeparkter Seitenstreifen, bei dem jederzeit jemand zwischen den Autos auf die Stra\u00dfe springen k\u00f6nnte \u2013 ist nat\u00fcrlich ein Umsatzgarant, dieses Fest, aber es fordert von Taxi- und allen anderen Autofahrern durchaus einiges an Achtsamkeit. [&hellip;]<\/p>\n","protected":false},"author":1,"featured_media":0,"comment_status":"open","ping_status":"open","sticky":false,"template":"","format":"standard","meta":{"_jetpack_newsletter_access":"","_jetpack_dont_email_post_to_subs":false,"_jetpack_newsletter_tier_id":0,"_jetpack_memberships_contains_paywalled_content":false,"_jetpack_feature_clip_id":0,"_jetpack_memberships_contains_paid_content":false,"footnotes":"","jetpack_publicize_message":"","jetpack_publicize_feature_enabled":true,"jetpack_social_post_already_shared":false,"jetpack_social_options":{"image_generator_settings":{"template":"highway","default_image_id":0,"font":"","enabled":false},"version":2},"jetpack_post_was_ever_published":false},"categories":[18,7,4,8,12],"tags":[2650,2620,2646,3675,2640,2631],"class_list":["post-14102","post","type-post","status-publish","format-standard","hentry","category-betrunken","category-verkehr","category-fahrgast","category-kollegen","category-laeufer","tag-2650","tag-dankbar","tag-gluck","tag-kollegen-2","tag-unsinnig","tag-winker"],"jetpack_publicize_connections":[],"jetpack_sharing_enabled":true,"jetpack_shortlink":"https:\/\/wp.me\/p5LJq5-3Fs","jetpack_likes_enabled":true,"jetpack_featured_media_url":"","_links":{"self":[{"href":"http:\/\/gestern-nacht-im-taxi.de\/wordpress\/wp-json\/wp\/v2\/posts\/14102","targetHints":{"allow":["GET"]}}],"collection":[{"href":"http:\/\/gestern-nacht-im-taxi.de\/wordpress\/wp-json\/wp\/v2\/posts"}],"about":[{"href":"http:\/\/gestern-nacht-im-taxi.de\/wordpress\/wp-json\/wp\/v2\/types\/post"}],"author":[{"embeddable":true,"href":"http:\/\/gestern-nacht-im-taxi.de\/wordpress\/wp-json\/wp\/v2\/users\/1"}],"replies":[{"embeddable":true,"href":"http:\/\/gestern-nacht-im-taxi.de\/wordpress\/wp-json\/wp\/v2\/comments?post=14102"}],"version-history":[{"count":5,"href":"http:\/\/gestern-nacht-im-taxi.de\/wordpress\/wp-json\/wp\/v2\/posts\/14102\/revisions"}],"predecessor-version":[{"id":14105,"href":"http:\/\/gestern-nacht-im-taxi.de\/wordpress\/wp-json\/wp\/v2\/posts\/14102\/revisions\/14105"}],"wp:attachment":[{"href":"http:\/\/gestern-nacht-im-taxi.de\/wordpress\/wp-json\/wp\/v2\/media?parent=14102"}],"wp:term":[{"taxonomy":"category","embeddable":true,"href":"http:\/\/gestern-nacht-im-taxi.de\/wordpress\/wp-json\/wp\/v2\/categories?post=14102"},{"taxonomy":"post_tag","embeddable":true,"href":"http:\/\/gestern-nacht-im-taxi.de\/wordpress\/wp-json\/wp\/v2\/tags?post=14102"}],"curies":[{"name":"wp","href":"https:\/\/api.w.org\/{rel}","templated":true}]}}