{"id":12822,"date":"2013-01-11T08:43:04","date_gmt":"2013-01-11T06:43:04","guid":{"rendered":"http:\/\/gestern-nacht-im-taxi.de\/wordpress\/?p=12822"},"modified":"2013-01-11T09:18:15","modified_gmt":"2013-01-11T07:18:15","slug":"gewissensfrage-mit-kindersitz","status":"publish","type":"post","link":"http:\/\/gestern-nacht-im-taxi.de\/wordpress\/2013\/01\/11\/gewissensfrage-mit-kindersitz\/","title":{"rendered":"Gewissensfrage mit Kindersitz"},"content":{"rendered":"<p style=\"text-align: justify;\">Kindersitze im Taxi &#8211; die H\u00f6lle ist ein Schei\u00df gegen dieses Thema. Zur Vorablekt\u00fcre f\u00fcr relativ neue Leser w\u00fcrde ich auf meinen <a title=\"GNIT - Kindersitze im Taxi\" href=\"http:\/\/gestern-nacht-im-taxi.de\/wordpress\/2011\/09\/13\/kindersitze-im-taxi\/\" target=\"_blank\">Grundsatzartikel zu diesem Thema<\/a> verweisen. Neben allerlei Infos zum Thema hab ich dort auch meine Meinung gesagt, n\u00e4mlich dass ich mich garantiert nicht auf irgendwelche halbseidenen Fahrten mit unangeschnallten Kindern einlassen w\u00fcrde. Und was soll ich sagen? Ich hab&#8217;s jetzt doch gemacht. Das war freilich kein St\u00fcck legal, ich hab&#8217;s nicht gern gemacht, m\u00f6chte es an dieser Stelle trotzdem verteidigen und erkl\u00e4ren.<\/p>\n<p style=\"text-align: justify;\">Angefangen hat alles damit, dass ich an meinem Lieblingsbahnhof stand und pl\u00f6tzlich ein freundliches Gesicht zum Fenster hineinsah. Wie sich herausstellte, handelte es sich um einen Inder, der gerade eine vierundzwanzigst\u00fcndige Reise aus seiner Heimat hinter sich hatte und nun kein Taxi f\u00fcr seine Familie und sein vieles Gep\u00e4ck fand. Sein Kind war definitiv zu klein f\u00fcr meine Sitzerh\u00f6hung, also hab ich getreu meinem Grundsatz abgelehnt und ihm vorgeschlagen, ein Taxi zu bestellen.<br \/>\nDas Ganze war nat\u00fcrlich nicht so leicht, schlie\u00dflich konnte er kein Wort Deutsch und er traute sich auch nicht so recht, bei der Zentrale anzurufen. Eine Nummer hab ich ihm nat\u00fcrlich gegeben. Er wollte indes meiner Anweisung durchaus Folge leisten und betonte auch, dass er extra schon eine deutsche SIM-Karte im Handy h\u00e4tte. Also hab ich ihm, w\u00e4hrend ich am Stand vorger\u00fcckt bin, geholfen und telefoniert. Er hoffte und hoffte, wurde vom Regen bereits ganz nass, seine Frau und sein Kind sa\u00dfen noch auf einem Gep\u00e4ckberg unter dem Vordach.<\/p>\n<p style=\"text-align: justify;\">Und dann? Nix. Die beiden gro\u00dfen Zentralen konnten beide kein Taxi mit einem Kindersitz auftreiben. Normalerweise w\u00fcrde ich auch in diesem Fall die U-Bahn empfehlen, aber die Fahrt sollte nach Lichtenberg, in einen ziemlich abseits gelegenen Wohnblock gehen, eine Unterkunft f\u00fcr seinen Arbeitseinsatz. Mindestens zweimal Umsteigen w\u00e4re n\u00f6tig gewesen, der Fu\u00dfweg dennoch lang. Dazu kam, dass sie mit 3 gro\u00dfen Rollkoffern, 2 Rucks\u00e4cken und eben jenem Kind unterwegs waren, das jetzt selbstverst\u00e4ndlich nach der Reise ohnehin nur noch gelegentlich mit einem Auge blinzelte, ob Mami noch da ist.<\/p>\n<p style=\"text-align: justify;\">Also hab ich&#8217;s dann doch getan. Die Optionen waren mehr oder minder ausgereizt, die Alternativen waren nicht wirklich welche. Zudem war das Ziel auf einem sehr kurzen Weg \u00fcber kleine Nebenstra\u00dfen zu erreichen, so dass ich mit sehr niedriger Geschwindigkeit und wenig potenziellen Unfallgegnern auch die Gefahren auf der Strecke weiter senken konnte. Es ist wohl einfach wahr, dass keine Regel ohne Ausnahme existiert.<\/p>\n<p style=\"text-align: justify;\">Am Ende ging nat\u00fcrlich alles glatt, das tut es sicher fast immer. Ich bin mir trotzdem sehr sicher, dass das auf lange die letzte Ausnahme gewesen sein wird.<\/p>\n<p><img loading=\"lazy\" decoding=\"async\" src=\"http:\/\/vg03.met.vgwort.de\/na\/ebe75bfb20f1492cb8ccb9632a128fd3\" alt=\"\" width=\"1\" height=\"1\" \/><\/p>\n","protected":false},"excerpt":{"rendered":"<p>Kindersitze im Taxi &#8211; die H\u00f6lle ist ein Schei\u00df gegen dieses Thema. Zur Vorablekt\u00fcre f\u00fcr relativ neue Leser w\u00fcrde ich auf meinen Grundsatzartikel zu diesem Thema verweisen. Neben allerlei Infos zum Thema hab ich dort auch meine Meinung gesagt, n\u00e4mlich dass ich mich garantiert nicht auf irgendwelche halbseidenen Fahrten mit unangeschnallten Kindern einlassen w\u00fcrde. Und [&hellip;]<\/p>\n","protected":false},"author":1,"featured_media":0,"comment_status":"open","ping_status":"open","sticky":false,"template":"","format":"standard","meta":{"_jetpack_newsletter_access":"","_jetpack_dont_email_post_to_subs":false,"_jetpack_newsletter_tier_id":0,"_jetpack_memberships_contains_paywalled_content":false,"_jetpack_feature_clip_id":0,"_jetpack_memberships_contains_paid_content":false,"footnotes":"","jetpack_publicize_message":"","jetpack_publicize_feature_enabled":true,"jetpack_social_post_already_shared":false,"jetpack_social_options":{"image_generator_settings":{"template":"highway","default_image_id":0,"font":"","enabled":false},"version":2},"jetpack_post_was_ever_published":false},"categories":[6,17],"tags":[2622,3361,3634,2619,4156],"class_list":["post-12822","post","type-post","status-publish","format-standard","hentry","category-arbeitsmittel","category-stvo","tag-fremdsprachlich","tag-gepack","tag-kinder","tag-lieb","tag-recht"],"jetpack_publicize_connections":[],"jetpack_sharing_enabled":true,"jetpack_shortlink":"https:\/\/wp.me\/p5LJq5-3kO","jetpack_likes_enabled":true,"jetpack_featured_media_url":"","_links":{"self":[{"href":"http:\/\/gestern-nacht-im-taxi.de\/wordpress\/wp-json\/wp\/v2\/posts\/12822","targetHints":{"allow":["GET"]}}],"collection":[{"href":"http:\/\/gestern-nacht-im-taxi.de\/wordpress\/wp-json\/wp\/v2\/posts"}],"about":[{"href":"http:\/\/gestern-nacht-im-taxi.de\/wordpress\/wp-json\/wp\/v2\/types\/post"}],"author":[{"embeddable":true,"href":"http:\/\/gestern-nacht-im-taxi.de\/wordpress\/wp-json\/wp\/v2\/users\/1"}],"replies":[{"embeddable":true,"href":"http:\/\/gestern-nacht-im-taxi.de\/wordpress\/wp-json\/wp\/v2\/comments?post=12822"}],"version-history":[{"count":5,"href":"http:\/\/gestern-nacht-im-taxi.de\/wordpress\/wp-json\/wp\/v2\/posts\/12822\/revisions"}],"predecessor-version":[{"id":12843,"href":"http:\/\/gestern-nacht-im-taxi.de\/wordpress\/wp-json\/wp\/v2\/posts\/12822\/revisions\/12843"}],"wp:attachment":[{"href":"http:\/\/gestern-nacht-im-taxi.de\/wordpress\/wp-json\/wp\/v2\/media?parent=12822"}],"wp:term":[{"taxonomy":"category","embeddable":true,"href":"http:\/\/gestern-nacht-im-taxi.de\/wordpress\/wp-json\/wp\/v2\/categories?post=12822"},{"taxonomy":"post_tag","embeddable":true,"href":"http:\/\/gestern-nacht-im-taxi.de\/wordpress\/wp-json\/wp\/v2\/tags?post=12822"}],"curies":[{"name":"wp","href":"https:\/\/api.w.org\/{rel}","templated":true}]}}