{"id":10408,"date":"2012-03-06T15:00:14","date_gmt":"2012-03-06T13:00:14","guid":{"rendered":"http:\/\/gestern-nacht-im-taxi.de\/wordpress\/?p=10408"},"modified":"2012-03-06T14:40:49","modified_gmt":"2012-03-06T12:40:49","slug":"nochmal-wegen-der-kameras","status":"publish","type":"post","link":"http:\/\/gestern-nacht-im-taxi.de\/wordpress\/2012\/03\/06\/nochmal-wegen-der-kameras\/","title":{"rendered":"Nochmal wegen der Kameras&#8230;"},"content":{"rendered":"<p style=\"text-align: justify;\"><a title=\"GNIT - Kameras in Taxen\" href=\"http:\/\/gestern-nacht-im-taxi.de\/wordpress\/2011\/12\/14\/kameras-in-taxen\/\" target=\"_blank\">Ich hatte vor einiger Zeit schon einmal \u00fcber die Debatte zu Kameras in Taxen geschrieben<\/a>. Die Diskussion ist hier im Berliner Taxigewerbe neu entfacht worden, nachdem in letzter Zeit ein &#8211; offenbar inzwischen dingfest gemachter &#8211; Serient\u00e4ter mehrere Fahrer \u00fcberfallen und im Anschluss die Taxen noch f\u00fcr eine kurze Flucht genutzt hat.<\/p>\n<p style=\"text-align: justify;\">Nachdem ich gestern im B\u00fcro mit Andreas, einem meiner Chefs, \u00fcber das Thema gesprochen habe, hat er gemeint, es w\u00e4re sch\u00f6n, dazu ein paar Meinungen zu h\u00f6ren. Also hab ich das Thema noch einmal aufgefrischt mit seiner Einstellung dazu und einem Link zur polizeilichen Kriminalstatistik. W\u00fcrde mich freuen, wenn ihr euch an <a title=\"Taxihaus-Berlin - Vorsicht Kamera im Taxi\" href=\"http:\/\/www.taxihaus-berlin.de\/vorsicht-kamera-im-taxi\/\" target=\"_blank\">der Umfrage dr\u00fcben beim Taxihaus-Berlin<\/a> beteiligt.<\/p>\n<p style=\"text-align: justify;\">(Kommentare werden dort meist erst sp\u00e4ter freigeschaltet, bitte nicht wundern.)<\/p>\n","protected":false},"excerpt":{"rendered":"<p>Ich hatte vor einiger Zeit schon einmal \u00fcber die Debatte zu Kameras in Taxen geschrieben. Die Diskussion ist hier im Berliner Taxigewerbe neu entfacht worden, nachdem in letzter Zeit ein &#8211; offenbar inzwischen dingfest gemachter &#8211; Serient\u00e4ter mehrere Fahrer \u00fcberfallen und im Anschluss die Taxen noch f\u00fcr eine kurze Flucht genutzt hat. Nachdem ich gestern [&hellip;]<\/p>\n","protected":false},"author":1,"featured_media":0,"comment_status":"open","ping_status":"open","sticky":false,"template":"","format":"standard","meta":{"_jetpack_newsletter_access":"","_jetpack_dont_email_post_to_subs":false,"_jetpack_newsletter_tier_id":0,"_jetpack_memberships_contains_paywalled_content":false,"_jetpack_feature_clip_id":0,"_jetpack_memberships_contains_paid_content":false,"footnotes":"","jetpack_publicize_message":"","jetpack_publicize_feature_enabled":true,"jetpack_social_post_already_shared":false,"jetpack_social_options":{"image_generator_settings":{"template":"highway","default_image_id":0,"font":"","enabled":false},"version":2},"jetpack_post_was_ever_published":false},"categories":[2623,11,5],"tags":[4830],"class_list":["post-10408","post","type-post","status-publish","format-standard","hentry","category-anderes","category-chef","category-job","tag-uberfalle"],"jetpack_publicize_connections":[],"jetpack_sharing_enabled":true,"jetpack_shortlink":"https:\/\/wp.me\/p5LJq5-2HS","jetpack_likes_enabled":true,"jetpack_featured_media_url":"","_links":{"self":[{"href":"http:\/\/gestern-nacht-im-taxi.de\/wordpress\/wp-json\/wp\/v2\/posts\/10408","targetHints":{"allow":["GET"]}}],"collection":[{"href":"http:\/\/gestern-nacht-im-taxi.de\/wordpress\/wp-json\/wp\/v2\/posts"}],"about":[{"href":"http:\/\/gestern-nacht-im-taxi.de\/wordpress\/wp-json\/wp\/v2\/types\/post"}],"author":[{"embeddable":true,"href":"http:\/\/gestern-nacht-im-taxi.de\/wordpress\/wp-json\/wp\/v2\/users\/1"}],"replies":[{"embeddable":true,"href":"http:\/\/gestern-nacht-im-taxi.de\/wordpress\/wp-json\/wp\/v2\/comments?post=10408"}],"version-history":[{"count":3,"href":"http:\/\/gestern-nacht-im-taxi.de\/wordpress\/wp-json\/wp\/v2\/posts\/10408\/revisions"}],"predecessor-version":[{"id":10410,"href":"http:\/\/gestern-nacht-im-taxi.de\/wordpress\/wp-json\/wp\/v2\/posts\/10408\/revisions\/10410"}],"wp:attachment":[{"href":"http:\/\/gestern-nacht-im-taxi.de\/wordpress\/wp-json\/wp\/v2\/media?parent=10408"}],"wp:term":[{"taxonomy":"category","embeddable":true,"href":"http:\/\/gestern-nacht-im-taxi.de\/wordpress\/wp-json\/wp\/v2\/categories?post=10408"},{"taxonomy":"post_tag","embeddable":true,"href":"http:\/\/gestern-nacht-im-taxi.de\/wordpress\/wp-json\/wp\/v2\/tags?post=10408"}],"curies":[{"name":"wp","href":"https:\/\/api.w.org\/{rel}","templated":true}]}}