{"id":10308,"date":"2012-02-22T08:34:58","date_gmt":"2012-02-22T06:34:58","guid":{"rendered":"http:\/\/gestern-nacht-im-taxi.de\/wordpress\/?p=10308"},"modified":"2012-02-18T18:04:41","modified_gmt":"2012-02-18T16:04:41","slug":"angepobelt","status":"publish","type":"post","link":"http:\/\/gestern-nacht-im-taxi.de\/wordpress\/2012\/02\/22\/angepobelt\/","title":{"rendered":"Angep\u00f6belt"},"content":{"rendered":"<p style=\"text-align: justify;\">Manchmal treibt das Leben schon seltsame Bl\u00fcten. Gl\u00fccklicherweise kann man einige davon rauchen und sie werden dadurch lustig&#8230; \u00e4hm, nein! Falsches Thema. Und zu metaphorisch. Eigentlich geht der Blogeintrag von heute so:<\/p>\n<p style=\"text-align: justify;\">Erinnert sich noch wer an den letzten Samstag? Warnstreik der BVG? Einige Leute mussten ebenso wie ich letzten Endes aufs Taxi ausweichen, um zur Arbeit zu kommen. So auch mein gespr\u00e4chiger Fahrgast morgens um 5 Uhr. Sonderlich angetan war er vom Streik nicht, aber das traf auf einige zu, die sich eine halbe Stunde fr\u00fcher aus dem Bett qu\u00e4len und zudem noch einen Zwanni f\u00fcrs Taxi zahlen mussten.<\/p>\n<p style=\"text-align: justify;\">Wir haben uns die ganze Fahrt \u00fcber unterhalten, sehr lange Zeit davon \u00fcber die Nachtschicht, Vor- und Nachteile, seltsame Gestalten unterwegs und den Umgang mit angetrunkenen Spa\u00dfv\u00f6geln. Sein Respekt f\u00fcr die Arbeit eines Nachtschichttaxlers war meines Erachtens nach echt, wenngleich ich das Gef\u00fchl hatte, er malte sich das auch in viel zu dunklen Farben aus.<\/p>\n<p style=\"text-align: justify;\">Aber er hatte selbst beruflich hier und da in der Nacht mit meiner potenziellen Kundschaft zu tun, so ganz fremd war ihm das Umfeld dann also auch nicht. Und so pl\u00e4tscherte das Gespr\u00e4ch, meist trotz des Themas eher seicht, vor sich hin und umkurvte die Thematik Aggressionen, Alkohol, die unheilige Allianz zwischen beiden, die Schattenseiten der Nacht eben. Und irgendwann fiel dann der Satz, bei dem ich mir auf die Lippen gebissen hab und mir nur dachte:<\/p>\n<p style=\"padding-left: 30px; text-align: justify;\"><em>&#8222;Blogeintrag! Blogeintrag! Muss schreiben! Boing Boing!&#8220;<\/em><\/p>\n<p style=\"text-align: justify;\">Also so \u00e4hnlich. War schon sp\u00e4t, ich wollte nur verdeutlichen, dass meine Gedanken ohnehin nicht mehr ganz zusammenh\u00e4ngend waren. Jedenfalls meinte er im Rahmen des Gespr\u00e4chs:<\/p>\n<p style=\"padding-left: 30px; text-align: justify;\"><em>&#8222;Wei\u00dfte, kenn ick&#8216; ja auch. Ick w\u00fcrde zwar nie wat tun, aber wenn ick total besoffen bin, dann hab ick auch schon ab und zu Bullen angep\u00f6belt.&#8220;<\/em><\/p>\n<p style=\"text-align: justify;\">Lustig? Der Br\u00fcller?<\/p>\n<p style=\"text-align: justify;\">OK, nicht wirklich. Aber wie ist es, wenn ich erw\u00e4hne, dass mein Fahrgast Bereitschaftspolizist war? \ud83d\ude00<\/p>\n<p><img loading=\"lazy\" decoding=\"async\" src=\"http:\/\/vg04.met.vgwort.de\/na\/37de977f658445eca540f42e7bc89ae6\" alt=\"\" width=\"1\" height=\"1\" \/><\/p>\n","protected":false},"excerpt":{"rendered":"<p>Manchmal treibt das Leben schon seltsame Bl\u00fcten. Gl\u00fccklicherweise kann man einige davon rauchen und sie werden dadurch lustig&#8230; \u00e4hm, nein! Falsches Thema. Und zu metaphorisch. Eigentlich geht der Blogeintrag von heute so: Erinnert sich noch wer an den letzten Samstag? Warnstreik der BVG? Einige Leute mussten ebenso wie ich letzten Endes aufs Taxi ausweichen, um [&hellip;]<\/p>\n","protected":false},"author":1,"featured_media":0,"comment_status":"open","ping_status":"open","sticky":false,"template":"","format":"standard","meta":{"_jetpack_newsletter_access":"","_jetpack_dont_email_post_to_subs":false,"_jetpack_newsletter_tier_id":0,"_jetpack_memberships_contains_paywalled_content":false,"_jetpack_feature_clip_id":0,"_jetpack_memberships_contains_paid_content":false,"footnotes":"","jetpack_publicize_message":"","jetpack_publicize_feature_enabled":true,"jetpack_social_post_already_shared":false,"jetpack_social_options":{"image_generator_settings":{"template":"highway","default_image_id":0,"font":"","enabled":false},"version":2},"jetpack_post_was_ever_published":false},"categories":[5,4],"tags":[4891,2619,2642,2664],"class_list":["post-10308","post","type-post","status-publish","format-standard","hentry","category-job","category-fahrgast","tag-gesprachig","tag-lieb","tag-loblich","tag-polizei"],"jetpack_publicize_connections":[],"jetpack_sharing_enabled":true,"jetpack_shortlink":"https:\/\/wp.me\/p5LJq5-2Gg","jetpack_likes_enabled":true,"jetpack_featured_media_url":"","_links":{"self":[{"href":"http:\/\/gestern-nacht-im-taxi.de\/wordpress\/wp-json\/wp\/v2\/posts\/10308","targetHints":{"allow":["GET"]}}],"collection":[{"href":"http:\/\/gestern-nacht-im-taxi.de\/wordpress\/wp-json\/wp\/v2\/posts"}],"about":[{"href":"http:\/\/gestern-nacht-im-taxi.de\/wordpress\/wp-json\/wp\/v2\/types\/post"}],"author":[{"embeddable":true,"href":"http:\/\/gestern-nacht-im-taxi.de\/wordpress\/wp-json\/wp\/v2\/users\/1"}],"replies":[{"embeddable":true,"href":"http:\/\/gestern-nacht-im-taxi.de\/wordpress\/wp-json\/wp\/v2\/comments?post=10308"}],"version-history":[{"count":4,"href":"http:\/\/gestern-nacht-im-taxi.de\/wordpress\/wp-json\/wp\/v2\/posts\/10308\/revisions"}],"predecessor-version":[{"id":10312,"href":"http:\/\/gestern-nacht-im-taxi.de\/wordpress\/wp-json\/wp\/v2\/posts\/10308\/revisions\/10312"}],"wp:attachment":[{"href":"http:\/\/gestern-nacht-im-taxi.de\/wordpress\/wp-json\/wp\/v2\/media?parent=10308"}],"wp:term":[{"taxonomy":"category","embeddable":true,"href":"http:\/\/gestern-nacht-im-taxi.de\/wordpress\/wp-json\/wp\/v2\/categories?post=10308"},{"taxonomy":"post_tag","embeddable":true,"href":"http:\/\/gestern-nacht-im-taxi.de\/wordpress\/wp-json\/wp\/v2\/tags?post=10308"}],"curies":[{"name":"wp","href":"https:\/\/api.w.org\/{rel}","templated":true}]}}